{"id":57411,"date":"2024-02-27T00:00:26","date_gmt":"2024-02-27T00:00:26","guid":{"rendered":"https:\/\/www.ericeiramag.pt\/?p=57411\/"},"modified":"2024-02-26T12:47:07","modified_gmt":"2024-02-26T12:47:07","slug":"punctum-visus-exhibition-at-helder-alfaiate-gallery","status":"publish","type":"post","link":"https:\/\/www.ericeiramag.pt\/en\/punctum-visus-exhibition-at-helder-alfaiate-gallery\/","title":{"rendered":"&#8220;PUNCTUM VISUS&#8221; exhibition at H\u00e9lder Alfaiate Gallery"},"content":{"rendered":"<p>&nbsp;<\/p>\n<p><strong>Photography:<\/strong> Art Gallery H\u00e9lder Alfaiate<\/p>\n<p>&nbsp;<\/p>\n<p>On February 24th, H\u00e9lder Alfaiate &#8211; Art Gallery inaugurated PUNCTUM VISUS, an exhibition by Pedro Henriques featuring a work by Jos\u00e9 Loureiro. The curation is by Frederico Portas and Tom\u00e1s Agostinho.<\/p>\n<p>This marks the seventh moment of the curatorial program T\u00eate-\u00c0-T\u00eate, featuring a set of original works developed by Pedro Henriques with the aim of reinterpreting the creative possibilities opened up by Jos\u00e9 Loureiro\u2019s \u201cA Voca\u00e7\u00e3o dos \u00c1caros\u201d (\u201cThe Vocation of Dust Mites\u201d) series.<\/p>\n<blockquote><p><em>the exploration and imagination of potential symbolic relationships between artists of different generations<\/em><\/p><\/blockquote>\n<p>This exhibit intends to stage a dialogue \u2014 or a t\u00eate-\u00e0-t\u00eate \u2014 through the opposition between pictorial representations and the chromatic obsession that unites them.<\/p>\n<p>Attendees can witness a conversation between artworks serving as reflective exercises, stimulating the exploration and imagination of potential symbolic relationships between artists of different generations.<\/p>\n<div id=\"attachment_57377\" style=\"width: 838px\" class=\"wp-caption alignnone\"><a href=\"https:\/\/www.ericeiramag.pt\/wp-content\/uploads\/2024\/02\/03CD0358-A809-44A9-84F0-C664B4C7A5E6.jpeg\"><img loading=\"lazy\" decoding=\"async\" aria-describedby=\"caption-attachment-57377\" class=\"size-full wp-image-57377 colorbox-57411\" src=\"https:\/\/www.ericeiramag.pt\/wp-content\/uploads\/2024\/02\/03CD0358-A809-44A9-84F0-C664B4C7A5E6.jpeg\" alt=\"\" width=\"828\" height=\"1021\" srcset=\"https:\/\/www.ericeiramag.pt\/wp-content\/uploads\/2024\/02\/03CD0358-A809-44A9-84F0-C664B4C7A5E6.jpeg 828w, https:\/\/www.ericeiramag.pt\/wp-content\/uploads\/2024\/02\/03CD0358-A809-44A9-84F0-C664B4C7A5E6-243x300.jpeg 243w, https:\/\/www.ericeiramag.pt\/wp-content\/uploads\/2024\/02\/03CD0358-A809-44A9-84F0-C664B4C7A5E6-768x947.jpeg 768w, https:\/\/www.ericeiramag.pt\/wp-content\/uploads\/2024\/02\/03CD0358-A809-44A9-84F0-C664B4C7A5E6-600x740.jpeg 600w, https:\/\/www.ericeiramag.pt\/wp-content\/uploads\/2024\/02\/03CD0358-A809-44A9-84F0-C664B4C7A5E6-470x580.jpeg 470w\" sizes=\"(max-width: 828px) 100vw, 828px\" \/><\/a><p id=\"caption-attachment-57377\" class=\"wp-caption-text\">Painting by Pedro Henriques &#8211; ph. H\u00e9lder Alfaiate Art Gallery<\/p><\/div>\n<p>T\u00eate-\u00c0-T\u00eate is an exhibition series that began in 2022 at H\u00e9lder Alfaiate \u2014 Art Gallery in Ericeira and will continue throughout the 2023\/2024 season. Each exhibition starts with an invitation to an emerging artist, asking them to create a new body of work inspired by the practice of an established artist. The emerging artists choose the veteran with whom they want to engage in dialogue, as well as the set of works that will shape the nature of the relationship between them. In this context, curatorial intervention and freedom are intrinsically linked to the autonomy that each younger artist seeks to express.<\/p>\n<div id=\"attachment_57378\" style=\"width: 944px\" class=\"wp-caption alignnone\"><a href=\"https:\/\/www.ericeiramag.pt\/wp-content\/uploads\/2024\/02\/Galeria-de-Arte-Helder-Alfaiate.jpg\"><img loading=\"lazy\" decoding=\"async\" aria-describedby=\"caption-attachment-57378\" class=\"size-full wp-image-57378 colorbox-57411\" src=\"https:\/\/www.ericeiramag.pt\/wp-content\/uploads\/2024\/02\/Galeria-de-Arte-Helder-Alfaiate.jpg\" alt=\"\" width=\"934\" height=\"700\" srcset=\"https:\/\/www.ericeiramag.pt\/wp-content\/uploads\/2024\/02\/Galeria-de-Arte-Helder-Alfaiate.jpg 934w, https:\/\/www.ericeiramag.pt\/wp-content\/uploads\/2024\/02\/Galeria-de-Arte-Helder-Alfaiate-300x225.jpg 300w, https:\/\/www.ericeiramag.pt\/wp-content\/uploads\/2024\/02\/Galeria-de-Arte-Helder-Alfaiate-768x576.jpg 768w, https:\/\/www.ericeiramag.pt\/wp-content\/uploads\/2024\/02\/Galeria-de-Arte-Helder-Alfaiate-600x450.jpg 600w, https:\/\/www.ericeiramag.pt\/wp-content\/uploads\/2024\/02\/Galeria-de-Arte-Helder-Alfaiate-774x580.jpg 774w\" sizes=\"(max-width: 934px) 100vw, 934px\" \/><\/a><p id=\"caption-attachment-57378\" class=\"wp-caption-text\">Works by Pedro Henriques inspired by the series &#8220;A Voca\u00e7\u00e3o dos \u00c1caros&#8221; by Jos\u00e9 Loureiro &#8211; ph. H\u00e9lder Alfaiate Art Gallery.<\/p><\/div>\n<p>PUNCTUM VISUS will be on display until April 28th at H\u00e9lder Alfaiate \u2014 Art Gallery, with the artworks available for purchase. Admission is free and the exhibition is open from Thursday to Sunday, from 11 am to 7 pm.<\/p>\n<p>For more informations you can contact the gallery through (+351) 912 445 783 and the emails helderalfaiate.arte@gmail.com or cicloteteatete@gmail.com. The social media accounts for the T\u00eate-\u00c0-T\u00eate cicle are available on <a href=\"https:\/\/www.instagram.com\/ciclo_teteatete\/\" target=\"_blank\" rel=\"noopener noreferrer\">Instagram<\/a> and <a href=\"https:\/\/www.facebook.com\/teteateteciclo\" target=\"_blank\" rel=\"noopener noreferrer\">Facebook<\/a>, as well as those of H\u00e9lder Alfaiate Gallery: <a href=\"https:\/\/www.instagram.com\/helderalfaiategaleriadearte\/\" target=\"_blank\" rel=\"noopener noreferrer\">Instagram<\/a> and <a href=\"https:\/\/www.facebook.com\/helderalfaiategaleriadearte\" target=\"_blank\" rel=\"noopener noreferrer\">Facebook<\/a>.<\/p>\n<!-- AddThis Advanced Settings generic via filter on the_content --><!-- AddThis Share Buttons generic via filter on the_content -->","protected":false},"excerpt":{"rendered":"<p>This exhibition represents the seventh exhibition moment of the T\u00caTE-\u00c0-T\u00caTE cycle.<!-- AddThis Advanced Settings generic via filter on get_the_excerpt --><!-- AddThis Share Buttons generic via filter on get_the_excerpt --><\/p>\n","protected":false},"author":14,"featured_media":57380,"comment_status":"closed","ping_status":"closed","sticky":false,"template":"","format":"standard","meta":{"_monsterinsights_skip_tracking":false,"_monsterinsights_sitenote_active":false,"_monsterinsights_sitenote_note":"","_monsterinsights_sitenote_category":0,"footnotes":""},"categories":[64],"tags":[],"class_list":["post-57411","post","type-post","status-publish","format-standard","has-post-thumbnail","hentry","category-compass"],"yoast_head":"<!-- This site is optimized with the Yoast SEO plugin v25.5 - https:\/\/yoast.com\/wordpress\/plugins\/seo\/ -->\n<title>&quot;PUNCTUM VISUS&quot; exhibition at H\u00e9lder Alfaiate Gallery - AZUL-ERICEIRA MAG | O melhor da Ericeira<\/title>\n<meta name=\"robots\" content=\"index, follow, max-snippet:-1, max-image-preview:large, max-video-preview:-1\" \/>\n<link rel=\"canonical\" href=\"https:\/\/www.ericeiramag.pt\/en\/punctum-visus-exhibition-at-helder-alfaiate-gallery\/\" \/>\n<meta property=\"og:locale\" content=\"en_US\" \/>\n<meta property=\"og:type\" content=\"article\" \/>\n<meta property=\"og:title\" content=\"&quot;PUNCTUM VISUS&quot; exhibition at H\u00e9lder Alfaiate Gallery - AZUL-ERICEIRA MAG | O melhor da Ericeira\" \/>\n<meta property=\"og:description\" content=\"This exhibition represents the seventh exhibition moment of the T\u00caTE-\u00c0-T\u00caTE cycle.\" \/>\n<meta property=\"og:url\" content=\"https:\/\/www.ericeiramag.pt\/en\/punctum-visus-exhibition-at-helder-alfaiate-gallery\/\" \/>\n<meta property=\"og:site_name\" content=\"AZUL-ERICEIRA MAG | O melhor da Ericeira\" \/>\n<meta property=\"article:publisher\" content=\"https:\/\/www.facebook.com\/AZULericeiramag\/\" \/>\n<meta property=\"article:published_time\" content=\"2024-02-27T00:00:26+00:00\" \/>\n<meta property=\"og:image\" content=\"https:\/\/www.ericeiramag.pt\/wp-content\/uploads\/2024\/02\/11244BA7-45BF-45F4-9F57-F0372AA3A279-scaled-e1708540450275.jpeg\" \/>\n\t<meta property=\"og:image:width\" content=\"1051\" \/>\n\t<meta property=\"og:image:height\" content=\"788\" \/>\n\t<meta property=\"og:image:type\" content=\"image\/jpeg\" \/>\n<meta name=\"author\" content=\"Rodrigo Williams\" \/>\n<meta name=\"twitter:label1\" content=\"Written by\" \/>\n\t<meta name=\"twitter:data1\" content=\"Rodrigo Williams\" \/>\n\t<meta name=\"twitter:label2\" content=\"Est. reading time\" \/>\n\t<meta name=\"twitter:data2\" content=\"2 minutes\" \/>\n<script type=\"application\/ld+json\" class=\"yoast-schema-graph\">{\"@context\":\"https:\/\/schema.org\",\"@graph\":[{\"@type\":\"Article\",\"@id\":\"https:\/\/www.ericeiramag.pt\/en\/punctum-visus-exhibition-at-helder-alfaiate-gallery\/#article\",\"isPartOf\":{\"@id\":\"https:\/\/www.ericeiramag.pt\/en\/punctum-visus-exhibition-at-helder-alfaiate-gallery\/\"},\"author\":{\"name\":\"Rodrigo Williams\",\"@id\":\"https:\/\/www.ericeiramag.pt\/#\/schema\/person\/772d0d7a332d2692f98da11f88677afd\"},\"headline\":\"&#8220;PUNCTUM VISUS&#8221; exhibition at H\u00e9lder Alfaiate Gallery\",\"datePublished\":\"2024-02-27T00:00:26+00:00\",\"mainEntityOfPage\":{\"@id\":\"https:\/\/www.ericeiramag.pt\/en\/punctum-visus-exhibition-at-helder-alfaiate-gallery\/\"},\"wordCount\":398,\"publisher\":{\"@id\":\"https:\/\/www.ericeiramag.pt\/#organization\"},\"image\":{\"@id\":\"https:\/\/www.ericeiramag.pt\/en\/punctum-visus-exhibition-at-helder-alfaiate-gallery\/#primaryimage\"},\"thumbnailUrl\":\"https:\/\/www.ericeiramag.pt\/wp-content\/uploads\/2024\/02\/11244BA7-45BF-45F4-9F57-F0372AA3A279-scaled-e1708540450275.jpeg\",\"articleSection\":[\"compass\"],\"inLanguage\":\"en-US\"},{\"@type\":\"WebPage\",\"@id\":\"https:\/\/www.ericeiramag.pt\/en\/punctum-visus-exhibition-at-helder-alfaiate-gallery\/\",\"url\":\"https:\/\/www.ericeiramag.pt\/en\/punctum-visus-exhibition-at-helder-alfaiate-gallery\/\",\"name\":\"\\\"PUNCTUM VISUS\\\" exhibition at H\u00e9lder Alfaiate Gallery - AZUL-ERICEIRA MAG | O melhor da Ericeira\",\"isPartOf\":{\"@id\":\"https:\/\/www.ericeiramag.pt\/#website\"},\"primaryImageOfPage\":{\"@id\":\"https:\/\/www.ericeiramag.pt\/en\/punctum-visus-exhibition-at-helder-alfaiate-gallery\/#primaryimage\"},\"image\":{\"@id\":\"https:\/\/www.ericeiramag.pt\/en\/punctum-visus-exhibition-at-helder-alfaiate-gallery\/#primaryimage\"},\"thumbnailUrl\":\"https:\/\/www.ericeiramag.pt\/wp-content\/uploads\/2024\/02\/11244BA7-45BF-45F4-9F57-F0372AA3A279-scaled-e1708540450275.jpeg\",\"datePublished\":\"2024-02-27T00:00:26+00:00\",\"inLanguage\":\"en-US\",\"potentialAction\":[{\"@type\":\"ReadAction\",\"target\":[\"https:\/\/www.ericeiramag.pt\/en\/punctum-visus-exhibition-at-helder-alfaiate-gallery\/\"]}]},{\"@type\":\"ImageObject\",\"inLanguage\":\"en-US\",\"@id\":\"https:\/\/www.ericeiramag.pt\/en\/punctum-visus-exhibition-at-helder-alfaiate-gallery\/#primaryimage\",\"url\":\"https:\/\/www.ericeiramag.pt\/wp-content\/uploads\/2024\/02\/11244BA7-45BF-45F4-9F57-F0372AA3A279-scaled-e1708540450275.jpeg\",\"contentUrl\":\"https:\/\/www.ericeiramag.pt\/wp-content\/uploads\/2024\/02\/11244BA7-45BF-45F4-9F57-F0372AA3A279-scaled-e1708540450275.jpeg\",\"width\":1051,\"height\":788},{\"@type\":\"WebSite\",\"@id\":\"https:\/\/www.ericeiramag.pt\/#website\",\"url\":\"https:\/\/www.ericeiramag.pt\/\",\"name\":\"AZUL-ERICEIRA MAG | O melhor da Ericeira\",\"description\":\"\",\"publisher\":{\"@id\":\"https:\/\/www.ericeiramag.pt\/#organization\"},\"potentialAction\":[{\"@type\":\"SearchAction\",\"target\":{\"@type\":\"EntryPoint\",\"urlTemplate\":\"https:\/\/www.ericeiramag.pt\/?s={search_term_string}\"},\"query-input\":{\"@type\":\"PropertyValueSpecification\",\"valueRequired\":true,\"valueName\":\"search_term_string\"}}],\"inLanguage\":\"en-US\"},{\"@type\":\"Organization\",\"@id\":\"https:\/\/www.ericeiramag.pt\/#organization\",\"name\":\"AZUL-ERICEIRA MAG | O melhor da Ericeira\",\"url\":\"https:\/\/www.ericeiramag.pt\/\",\"logo\":{\"@type\":\"ImageObject\",\"inLanguage\":\"en-US\",\"@id\":\"https:\/\/www.ericeiramag.pt\/#\/schema\/logo\/image\/\",\"url\":\"https:\/\/www.ericeiramag.pt\/wp-content\/uploads\/2024\/03\/logo-branco.jpg\",\"contentUrl\":\"https:\/\/www.ericeiramag.pt\/wp-content\/uploads\/2024\/03\/logo-branco.jpg\",\"width\":425,\"height\":283,\"caption\":\"AZUL-ERICEIRA MAG | O melhor da Ericeira\"},\"image\":{\"@id\":\"https:\/\/www.ericeiramag.pt\/#\/schema\/logo\/image\/\"},\"sameAs\":[\"https:\/\/www.facebook.com\/AZULericeiramag\/\"]},{\"@type\":\"Person\",\"@id\":\"https:\/\/www.ericeiramag.pt\/#\/schema\/person\/772d0d7a332d2692f98da11f88677afd\",\"name\":\"Rodrigo Williams\",\"image\":{\"@type\":\"ImageObject\",\"inLanguage\":\"en-US\",\"@id\":\"https:\/\/www.ericeiramag.pt\/#\/schema\/person\/image\/\",\"url\":\"https:\/\/secure.gravatar.com\/avatar\/b16e30836a09217884aa48b130989330?s=96&d=mm&r=g\",\"contentUrl\":\"https:\/\/secure.gravatar.com\/avatar\/b16e30836a09217884aa48b130989330?s=96&d=mm&r=g\",\"caption\":\"Rodrigo Williams\"},\"url\":\"https:\/\/www.ericeiramag.pt\/en\"}]}<\/script>\n<!-- \/ Yoast SEO plugin. -->","yoast_head_json":{"title":"\"PUNCTUM VISUS\" exhibition at H\u00e9lder Alfaiate Gallery - AZUL-ERICEIRA MAG | O melhor da Ericeira","robots":{"index":"index","follow":"follow","max-snippet":"max-snippet:-1","max-image-preview":"max-image-preview:large","max-video-preview":"max-video-preview:-1"},"canonical":"https:\/\/www.ericeiramag.pt\/en\/punctum-visus-exhibition-at-helder-alfaiate-gallery\/","og_locale":"en_US","og_type":"article","og_title":"\"PUNCTUM VISUS\" exhibition at H\u00e9lder Alfaiate Gallery - AZUL-ERICEIRA MAG | O melhor da Ericeira","og_description":"This exhibition represents the seventh exhibition moment of the T\u00caTE-\u00c0-T\u00caTE cycle.","og_url":"https:\/\/www.ericeiramag.pt\/en\/punctum-visus-exhibition-at-helder-alfaiate-gallery\/","og_site_name":"AZUL-ERICEIRA MAG | O melhor da Ericeira","article_publisher":"https:\/\/www.facebook.com\/AZULericeiramag\/","article_published_time":"2024-02-27T00:00:26+00:00","og_image":[{"width":1051,"height":788,"url":"https:\/\/www.ericeiramag.pt\/wp-content\/uploads\/2024\/02\/11244BA7-45BF-45F4-9F57-F0372AA3A279-scaled-e1708540450275.jpeg","type":"image\/jpeg"}],"author":"Rodrigo Williams","twitter_misc":{"Written by":"Rodrigo Williams","Est. reading time":"2 minutes"},"schema":{"@context":"https:\/\/schema.org","@graph":[{"@type":"Article","@id":"https:\/\/www.ericeiramag.pt\/en\/punctum-visus-exhibition-at-helder-alfaiate-gallery\/#article","isPartOf":{"@id":"https:\/\/www.ericeiramag.pt\/en\/punctum-visus-exhibition-at-helder-alfaiate-gallery\/"},"author":{"name":"Rodrigo Williams","@id":"https:\/\/www.ericeiramag.pt\/#\/schema\/person\/772d0d7a332d2692f98da11f88677afd"},"headline":"&#8220;PUNCTUM VISUS&#8221; exhibition at H\u00e9lder Alfaiate Gallery","datePublished":"2024-02-27T00:00:26+00:00","mainEntityOfPage":{"@id":"https:\/\/www.ericeiramag.pt\/en\/punctum-visus-exhibition-at-helder-alfaiate-gallery\/"},"wordCount":398,"publisher":{"@id":"https:\/\/www.ericeiramag.pt\/#organization"},"image":{"@id":"https:\/\/www.ericeiramag.pt\/en\/punctum-visus-exhibition-at-helder-alfaiate-gallery\/#primaryimage"},"thumbnailUrl":"https:\/\/www.ericeiramag.pt\/wp-content\/uploads\/2024\/02\/11244BA7-45BF-45F4-9F57-F0372AA3A279-scaled-e1708540450275.jpeg","articleSection":["compass"],"inLanguage":"en-US"},{"@type":"WebPage","@id":"https:\/\/www.ericeiramag.pt\/en\/punctum-visus-exhibition-at-helder-alfaiate-gallery\/","url":"https:\/\/www.ericeiramag.pt\/en\/punctum-visus-exhibition-at-helder-alfaiate-gallery\/","name":"\"PUNCTUM VISUS\" exhibition at H\u00e9lder Alfaiate Gallery - AZUL-ERICEIRA MAG | O melhor da Ericeira","isPartOf":{"@id":"https:\/\/www.ericeiramag.pt\/#website"},"primaryImageOfPage":{"@id":"https:\/\/www.ericeiramag.pt\/en\/punctum-visus-exhibition-at-helder-alfaiate-gallery\/#primaryimage"},"image":{"@id":"https:\/\/www.ericeiramag.pt\/en\/punctum-visus-exhibition-at-helder-alfaiate-gallery\/#primaryimage"},"thumbnailUrl":"https:\/\/www.ericeiramag.pt\/wp-content\/uploads\/2024\/02\/11244BA7-45BF-45F4-9F57-F0372AA3A279-scaled-e1708540450275.jpeg","datePublished":"2024-02-27T00:00:26+00:00","inLanguage":"en-US","potentialAction":[{"@type":"ReadAction","target":["https:\/\/www.ericeiramag.pt\/en\/punctum-visus-exhibition-at-helder-alfaiate-gallery\/"]}]},{"@type":"ImageObject","inLanguage":"en-US","@id":"https:\/\/www.ericeiramag.pt\/en\/punctum-visus-exhibition-at-helder-alfaiate-gallery\/#primaryimage","url":"https:\/\/www.ericeiramag.pt\/wp-content\/uploads\/2024\/02\/11244BA7-45BF-45F4-9F57-F0372AA3A279-scaled-e1708540450275.jpeg","contentUrl":"https:\/\/www.ericeiramag.pt\/wp-content\/uploads\/2024\/02\/11244BA7-45BF-45F4-9F57-F0372AA3A279-scaled-e1708540450275.jpeg","width":1051,"height":788},{"@type":"WebSite","@id":"https:\/\/www.ericeiramag.pt\/#website","url":"https:\/\/www.ericeiramag.pt\/","name":"AZUL-ERICEIRA MAG | O melhor da Ericeira","description":"","publisher":{"@id":"https:\/\/www.ericeiramag.pt\/#organization"},"potentialAction":[{"@type":"SearchAction","target":{"@type":"EntryPoint","urlTemplate":"https:\/\/www.ericeiramag.pt\/?s={search_term_string}"},"query-input":{"@type":"PropertyValueSpecification","valueRequired":true,"valueName":"search_term_string"}}],"inLanguage":"en-US"},{"@type":"Organization","@id":"https:\/\/www.ericeiramag.pt\/#organization","name":"AZUL-ERICEIRA MAG | O melhor da Ericeira","url":"https:\/\/www.ericeiramag.pt\/","logo":{"@type":"ImageObject","inLanguage":"en-US","@id":"https:\/\/www.ericeiramag.pt\/#\/schema\/logo\/image\/","url":"https:\/\/www.ericeiramag.pt\/wp-content\/uploads\/2024\/03\/logo-branco.jpg","contentUrl":"https:\/\/www.ericeiramag.pt\/wp-content\/uploads\/2024\/03\/logo-branco.jpg","width":425,"height":283,"caption":"AZUL-ERICEIRA MAG | O melhor da Ericeira"},"image":{"@id":"https:\/\/www.ericeiramag.pt\/#\/schema\/logo\/image\/"},"sameAs":["https:\/\/www.facebook.com\/AZULericeiramag\/"]},{"@type":"Person","@id":"https:\/\/www.ericeiramag.pt\/#\/schema\/person\/772d0d7a332d2692f98da11f88677afd","name":"Rodrigo Williams","image":{"@type":"ImageObject","inLanguage":"en-US","@id":"https:\/\/www.ericeiramag.pt\/#\/schema\/person\/image\/","url":"https:\/\/secure.gravatar.com\/avatar\/b16e30836a09217884aa48b130989330?s=96&d=mm&r=g","contentUrl":"https:\/\/secure.gravatar.com\/avatar\/b16e30836a09217884aa48b130989330?s=96&d=mm&r=g","caption":"Rodrigo Williams"},"url":"https:\/\/www.ericeiramag.pt\/en"}]}},"_links":{"self":[{"href":"https:\/\/www.ericeiramag.pt\/en\/wp-json\/wp\/v2\/posts\/57411"}],"collection":[{"href":"https:\/\/www.ericeiramag.pt\/en\/wp-json\/wp\/v2\/posts"}],"about":[{"href":"https:\/\/www.ericeiramag.pt\/en\/wp-json\/wp\/v2\/types\/post"}],"author":[{"embeddable":true,"href":"https:\/\/www.ericeiramag.pt\/en\/wp-json\/wp\/v2\/users\/14"}],"replies":[{"embeddable":true,"href":"https:\/\/www.ericeiramag.pt\/en\/wp-json\/wp\/v2\/comments?post=57411"}],"version-history":[{"count":0,"href":"https:\/\/www.ericeiramag.pt\/en\/wp-json\/wp\/v2\/posts\/57411\/revisions"}],"wp:featuredmedia":[{"embeddable":true,"href":"https:\/\/www.ericeiramag.pt\/en\/wp-json\/wp\/v2\/media\/57380"}],"wp:attachment":[{"href":"https:\/\/www.ericeiramag.pt\/en\/wp-json\/wp\/v2\/media?parent=57411"}],"wp:term":[{"taxonomy":"category","embeddable":true,"href":"https:\/\/www.ericeiramag.pt\/en\/wp-json\/wp\/v2\/categories?post=57411"},{"taxonomy":"post_tag","embeddable":true,"href":"https:\/\/www.ericeiramag.pt\/en\/wp-json\/wp\/v2\/tags?post=57411"}],"curies":[{"name":"wp","href":"https:\/\/api.w.org\/{rel}","templated":true}]}}