{"id":56972,"date":"2024-01-19T00:49:47","date_gmt":"2024-01-19T00:49:47","guid":{"rendered":"https:\/\/www.ericeiramag.pt\/?p=56972\/"},"modified":"2024-01-19T13:21:22","modified_gmt":"2024-01-19T13:21:22","slug":"the-drunken-festivities-honor-saint-sebastian-and-saint-vincent","status":"publish","type":"post","link":"https:\/\/www.ericeiramag.pt\/en\/the-drunken-festivities-honor-saint-sebastian-and-saint-vincent\/","title":{"rendered":"The Drunken Festivities honor Saint Sebastian and Saint Vincent"},"content":{"rendered":"<p>&nbsp;<\/p>\n<p><strong>Photography:<\/strong> AZUL<\/p>\n<p>&nbsp;<\/p>\n<p>The typical celebrations in honor of S\u00e3o Sebasti\u00e3o and S\u00e3o Vicente (Saint Sebastian and Saint Vincent), popularly known as the &#8220;<a href=\"https:\/\/www.ericeiramag.pt\/en\/?s=Festa+dos+B\u00eabados\" target=\"_blank\" rel=\"noopener noreferrer\">Festa dos B\u00eabados<\/a>&#8221; (Drunken Festivities), are about to begin.<\/p>\n<p>From January 20 to 22, the locals, residents of Ericeira, expats and visitors will have the opportunity to participate in one of the most genuine celebrations in town, which takes place outdoors, challenging the whims of &#8220;General Winter,&#8221; whether in the form of cold or rain \u2013 although the weather forecasts for this year are quite favorable.<\/p>\n<blockquote><p><em>faith, tradition and a festive atmosphere come together into an unique celebration<\/em><\/p><\/blockquote>\n<p>These festivities, blending the sacred and the profane, are a tradition that transcend temporal barriers, uniting older generations with the youth in an atmosphere of camaraderie that preserves a unique cultural identity. Between the Chapel of Saint Sebastian (Capela de S\u00e3o Sebasti\u00e3o) and the musical stage, an impressive wine barrel stands out.<\/p>\n<p>The Parish of Ericeira presents a program that reflects all of this: January 20, dedicated to Saint Sebastian, will have festive masses at 12 pm and 7 pm at the Parish Church, with the presence of the venerated saint&#8217;s image. At 8:30 pm, unmarried and married men will have their own celebration with the &#8220;Dinner of Saint Sebastian.&#8221;<\/p>\n<p><iframe loading=\"lazy\" title=\"Festa dos B\u00eabados\" width=\"690\" height=\"388\" src=\"https:\/\/www.youtube.com\/embed\/7Sv5uBn0MiY?feature=oembed\" frameborder=\"0\" allow=\"accelerometer; autoplay; clipboard-write; encrypted-media; gyroscope; picture-in-picture; web-share\" allowfullscreen><\/iframe><\/p>\n<p>The second day, January 21, maintains the religious tone with masses at 9 am, 12 pm and 7 pm, again at the Parish Church and with the presence of the Image of Saint Sebastian.<\/p>\n<p>The festivities conclude on January 22 with celebrations in honor of Saint Vincent. At 2 pm, the Chapel of Saint Sebastian \u2013 which was classified as a monument of public interest in 2018 \u2013 hosts the Votive Mass dedicated to Saint Vincent, Patron Saint of the Lisbon Diocese. Following that, there will be a lively party in Largo de S\u00e3o Sebasti\u00e3o, starting at 3 pm, where the traditional biscuits and wine will join the musical entertainment&#8230; a glass or two, or more, since the party has no exact ending time.<\/p>\n<div id=\"attachment_4663\" style=\"width: 1060px\" class=\"wp-caption alignnone\"><a href=\"https:\/\/www.ericeiramag.pt\/wp-content\/uploads\/2014\/01\/DSC_0509.jpg\"><img loading=\"lazy\" decoding=\"async\" aria-describedby=\"caption-attachment-4663\" class=\"size-full wp-image-4663 colorbox-56972\" src=\"https:\/\/www.ericeiramag.pt\/wp-content\/uploads\/2014\/01\/DSC_0509.jpg\" alt=\"Festa dos B\u00eabados 2014. - ph. AZUL\" width=\"1050\" height=\"1077\" srcset=\"https:\/\/www.ericeiramag.pt\/wp-content\/uploads\/2014\/01\/DSC_0509.jpg 1050w, https:\/\/www.ericeiramag.pt\/wp-content\/uploads\/2014\/01\/DSC_0509-292x300.jpg 292w, https:\/\/www.ericeiramag.pt\/wp-content\/uploads\/2014\/01\/DSC_0509-998x1024.jpg 998w, https:\/\/www.ericeiramag.pt\/wp-content\/uploads\/2014\/01\/DSC_0509-600x615.jpg 600w, https:\/\/www.ericeiramag.pt\/wp-content\/uploads\/2014\/01\/DSC_0509-565x580.jpg 565w\" sizes=\"(max-width: 1050px) 100vw, 1050px\" \/><\/a><p id=\"caption-attachment-4663\" class=\"wp-caption-text\">Festa dos B\u00eabados 2014. &#8211; ph. AZUL<\/p><\/div>\n<p>Festa dos B\u00eabados transcends mere religious celebration. This cult festival is a living testament to the culture of Ericeira, where faith, tradition and festive atmosphere come together to form this celebration.<\/p>\n<p>The celebrations in honor of Saint Sebastian used to be the largest in Ericeira and its surroundings. Initially held at the Parish Church of Saint Peter, the martyr&#8217;s image was later carried in a procession, always at a brisk pace, towards its chapel on the day dedicated to Saint Vincent.<\/p>\n<p><a href=\"https:\/\/www.ericeiramag.pt\/wp-content\/uploads\/2024\/01\/42ff8c02-52fb-42b8-ad21-388382754a4c.jpg\"><img loading=\"lazy\" decoding=\"async\" class=\"alignnone size-full wp-image-56958 colorbox-56972\" src=\"https:\/\/www.ericeiramag.pt\/wp-content\/uploads\/2024\/01\/42ff8c02-52fb-42b8-ad21-388382754a4c.jpg\" alt=\"\" width=\"724\" height=\"1024\" srcset=\"https:\/\/www.ericeiramag.pt\/wp-content\/uploads\/2024\/01\/42ff8c02-52fb-42b8-ad21-388382754a4c.jpg 724w, https:\/\/www.ericeiramag.pt\/wp-content\/uploads\/2024\/01\/42ff8c02-52fb-42b8-ad21-388382754a4c-212x300.jpg 212w, https:\/\/www.ericeiramag.pt\/wp-content\/uploads\/2024\/01\/42ff8c02-52fb-42b8-ad21-388382754a4c-600x849.jpg 600w, https:\/\/www.ericeiramag.pt\/wp-content\/uploads\/2024\/01\/42ff8c02-52fb-42b8-ad21-388382754a4c-410x580.jpg 410w\" sizes=\"(max-width: 724px) 100vw, 724px\" \/><\/a><\/p>\n<p>At Largo de S\u00e3o Sebasti\u00e3o, religious roots intertwine with elements of pagan nature, creating a ritual that has become intrinsic to the &#8220;Jagoz&#8221; identity. This event, renewed annually, transitions between devotion and fun, between the sacred host and the mundane biscuits, between the symbolism of Christ&#8217;s blood and the Dionysian ritual of red wine.<\/p>\n<p>At the heart of this celebration we find a variety of familiar faces from Ericeira&#8217;s &#8220;Old Guard&#8221; as well as many youngster, in an intergenerational union that characterizes &#8220;A Festa dos B\u00eabados&#8221;.<\/p>\n<div id=\"attachment_4647\" style=\"width: 970px\" class=\"wp-caption alignnone\"><a href=\"https:\/\/www.ericeiramag.pt\/wp-content\/uploads\/2014\/01\/1620882_10202908611578535_766782020_n.jpg\"><img loading=\"lazy\" decoding=\"async\" aria-describedby=\"caption-attachment-4647\" class=\"size-full wp-image-4647 colorbox-56972\" src=\"https:\/\/www.ericeiramag.pt\/wp-content\/uploads\/2014\/01\/1620882_10202908611578535_766782020_n.jpg\" alt=\"Festa dos B\u00eabados 2014. - ph. Nuno Vicente\" width=\"960\" height=\"720\" srcset=\"https:\/\/www.ericeiramag.pt\/wp-content\/uploads\/2014\/01\/1620882_10202908611578535_766782020_n.jpg 960w, https:\/\/www.ericeiramag.pt\/wp-content\/uploads\/2014\/01\/1620882_10202908611578535_766782020_n-300x225.jpg 300w, https:\/\/www.ericeiramag.pt\/wp-content\/uploads\/2014\/01\/1620882_10202908611578535_766782020_n-600x450.jpg 600w, https:\/\/www.ericeiramag.pt\/wp-content\/uploads\/2014\/01\/1620882_10202908611578535_766782020_n-773x580.jpg 773w\" sizes=\"(max-width: 960px) 100vw, 960px\" \/><\/a><p id=\"caption-attachment-4647\" class=\"wp-caption-text\">ph. Nuno Vicente<\/p><\/div>\n<!-- AddThis Advanced Settings generic via filter on the_content --><!-- AddThis Share Buttons generic via filter on the_content -->","protected":false},"excerpt":{"rendered":"<p>Ericeira locals, residents, expats and visitors will have the opportunity to participate in one of the most genuine celebrations in town.<!-- AddThis Advanced Settings generic via filter on get_the_excerpt --><!-- AddThis Share Buttons generic via filter on get_the_excerpt --><\/p>\n","protected":false},"author":14,"featured_media":4653,"comment_status":"closed","ping_status":"closed","sticky":false,"template":"","format":"standard","meta":{"_monsterinsights_skip_tracking":false,"_monsterinsights_sitenote_active":false,"_monsterinsights_sitenote_note":"","_monsterinsights_sitenote_category":0,"footnotes":""},"categories":[117],"tags":[],"class_list":["post-56972","post","type-post","status-publish","format-standard","has-post-thumbnail","hentry","category-dna"],"yoast_head":"<!-- This site is optimized with the Yoast SEO plugin v25.5 - https:\/\/yoast.com\/wordpress\/plugins\/seo\/ -->\n<title>The Drunken Festivities honor Saint Sebastian and Saint Vincent - AZUL-ERICEIRA MAG | O melhor da Ericeira<\/title>\n<meta name=\"robots\" content=\"index, follow, max-snippet:-1, max-image-preview:large, max-video-preview:-1\" \/>\n<link rel=\"canonical\" href=\"https:\/\/www.ericeiramag.pt\/en\/the-drunken-festivities-honor-saint-sebastian-and-saint-vincent\/\" \/>\n<meta property=\"og:locale\" content=\"en_US\" \/>\n<meta property=\"og:type\" content=\"article\" \/>\n<meta property=\"og:title\" content=\"The Drunken Festivities honor Saint Sebastian and Saint Vincent - AZUL-ERICEIRA MAG | O melhor da Ericeira\" \/>\n<meta property=\"og:description\" content=\"Ericeira locals, residents, expats and visitors will have the opportunity to participate in one of the most genuine celebrations in town.\" \/>\n<meta property=\"og:url\" content=\"https:\/\/www.ericeiramag.pt\/en\/the-drunken-festivities-honor-saint-sebastian-and-saint-vincent\/\" \/>\n<meta property=\"og:site_name\" content=\"AZUL-ERICEIRA MAG | O melhor da Ericeira\" \/>\n<meta property=\"article:publisher\" content=\"https:\/\/www.facebook.com\/AZULericeiramag\/\" \/>\n<meta property=\"article:published_time\" content=\"2024-01-19T00:49:47+00:00\" \/>\n<meta property=\"article:modified_time\" content=\"2024-01-19T13:21:22+00:00\" \/>\n<meta property=\"og:image\" content=\"https:\/\/www.ericeiramag.pt\/wp-content\/uploads\/2014\/01\/festa_dos_bebados_2014_azul.jpg\" \/>\n\t<meta property=\"og:image:width\" content=\"800\" \/>\n\t<meta property=\"og:image:height\" content=\"579\" \/>\n\t<meta property=\"og:image:type\" content=\"image\/jpeg\" \/>\n<meta name=\"author\" content=\"Rodrigo Williams\" \/>\n<meta name=\"twitter:label1\" content=\"Written by\" \/>\n\t<meta name=\"twitter:data1\" content=\"Rodrigo Williams\" \/>\n\t<meta name=\"twitter:label2\" content=\"Est. reading time\" \/>\n\t<meta name=\"twitter:data2\" content=\"3 minutes\" \/>\n<script type=\"application\/ld+json\" class=\"yoast-schema-graph\">{\"@context\":\"https:\/\/schema.org\",\"@graph\":[{\"@type\":\"Article\",\"@id\":\"https:\/\/www.ericeiramag.pt\/en\/the-drunken-festivities-honor-saint-sebastian-and-saint-vincent\/#article\",\"isPartOf\":{\"@id\":\"https:\/\/www.ericeiramag.pt\/en\/the-drunken-festivities-honor-saint-sebastian-and-saint-vincent\/\"},\"author\":{\"name\":\"Rodrigo Williams\",\"@id\":\"https:\/\/www.ericeiramag.pt\/#\/schema\/person\/772d0d7a332d2692f98da11f88677afd\"},\"headline\":\"The Drunken Festivities honor Saint Sebastian and Saint Vincent\",\"datePublished\":\"2024-01-19T00:49:47+00:00\",\"dateModified\":\"2024-01-19T13:21:22+00:00\",\"mainEntityOfPage\":{\"@id\":\"https:\/\/www.ericeiramag.pt\/en\/the-drunken-festivities-honor-saint-sebastian-and-saint-vincent\/\"},\"wordCount\":537,\"publisher\":{\"@id\":\"https:\/\/www.ericeiramag.pt\/#organization\"},\"image\":{\"@id\":\"https:\/\/www.ericeiramag.pt\/en\/the-drunken-festivities-honor-saint-sebastian-and-saint-vincent\/#primaryimage\"},\"thumbnailUrl\":\"https:\/\/www.ericeiramag.pt\/wp-content\/uploads\/2014\/01\/festa_dos_bebados_2014_azul.jpg\",\"articleSection\":[\"DNA\"],\"inLanguage\":\"en-US\"},{\"@type\":\"WebPage\",\"@id\":\"https:\/\/www.ericeiramag.pt\/en\/the-drunken-festivities-honor-saint-sebastian-and-saint-vincent\/\",\"url\":\"https:\/\/www.ericeiramag.pt\/en\/the-drunken-festivities-honor-saint-sebastian-and-saint-vincent\/\",\"name\":\"The Drunken Festivities honor Saint Sebastian and Saint Vincent - AZUL-ERICEIRA MAG | O melhor da Ericeira\",\"isPartOf\":{\"@id\":\"https:\/\/www.ericeiramag.pt\/#website\"},\"primaryImageOfPage\":{\"@id\":\"https:\/\/www.ericeiramag.pt\/en\/the-drunken-festivities-honor-saint-sebastian-and-saint-vincent\/#primaryimage\"},\"image\":{\"@id\":\"https:\/\/www.ericeiramag.pt\/en\/the-drunken-festivities-honor-saint-sebastian-and-saint-vincent\/#primaryimage\"},\"thumbnailUrl\":\"https:\/\/www.ericeiramag.pt\/wp-content\/uploads\/2014\/01\/festa_dos_bebados_2014_azul.jpg\",\"datePublished\":\"2024-01-19T00:49:47+00:00\",\"dateModified\":\"2024-01-19T13:21:22+00:00\",\"inLanguage\":\"en-US\",\"potentialAction\":[{\"@type\":\"ReadAction\",\"target\":[\"https:\/\/www.ericeiramag.pt\/en\/the-drunken-festivities-honor-saint-sebastian-and-saint-vincent\/\"]}]},{\"@type\":\"ImageObject\",\"inLanguage\":\"en-US\",\"@id\":\"https:\/\/www.ericeiramag.pt\/en\/the-drunken-festivities-honor-saint-sebastian-and-saint-vincent\/#primaryimage\",\"url\":\"https:\/\/www.ericeiramag.pt\/wp-content\/uploads\/2014\/01\/festa_dos_bebados_2014_azul.jpg\",\"contentUrl\":\"https:\/\/www.ericeiramag.pt\/wp-content\/uploads\/2014\/01\/festa_dos_bebados_2014_azul.jpg\",\"width\":800,\"height\":579,\"caption\":\"ph. AZUL\"},{\"@type\":\"WebSite\",\"@id\":\"https:\/\/www.ericeiramag.pt\/#website\",\"url\":\"https:\/\/www.ericeiramag.pt\/\",\"name\":\"AZUL-ERICEIRA MAG | O melhor da Ericeira\",\"description\":\"\",\"publisher\":{\"@id\":\"https:\/\/www.ericeiramag.pt\/#organization\"},\"potentialAction\":[{\"@type\":\"SearchAction\",\"target\":{\"@type\":\"EntryPoint\",\"urlTemplate\":\"https:\/\/www.ericeiramag.pt\/?s={search_term_string}\"},\"query-input\":{\"@type\":\"PropertyValueSpecification\",\"valueRequired\":true,\"valueName\":\"search_term_string\"}}],\"inLanguage\":\"en-US\"},{\"@type\":\"Organization\",\"@id\":\"https:\/\/www.ericeiramag.pt\/#organization\",\"name\":\"AZUL-ERICEIRA MAG | O melhor da Ericeira\",\"url\":\"https:\/\/www.ericeiramag.pt\/\",\"logo\":{\"@type\":\"ImageObject\",\"inLanguage\":\"en-US\",\"@id\":\"https:\/\/www.ericeiramag.pt\/#\/schema\/logo\/image\/\",\"url\":\"https:\/\/www.ericeiramag.pt\/wp-content\/uploads\/2024\/03\/logo-branco.jpg\",\"contentUrl\":\"https:\/\/www.ericeiramag.pt\/wp-content\/uploads\/2024\/03\/logo-branco.jpg\",\"width\":425,\"height\":283,\"caption\":\"AZUL-ERICEIRA MAG | O melhor da Ericeira\"},\"image\":{\"@id\":\"https:\/\/www.ericeiramag.pt\/#\/schema\/logo\/image\/\"},\"sameAs\":[\"https:\/\/www.facebook.com\/AZULericeiramag\/\"]},{\"@type\":\"Person\",\"@id\":\"https:\/\/www.ericeiramag.pt\/#\/schema\/person\/772d0d7a332d2692f98da11f88677afd\",\"name\":\"Rodrigo Williams\",\"image\":{\"@type\":\"ImageObject\",\"inLanguage\":\"en-US\",\"@id\":\"https:\/\/www.ericeiramag.pt\/#\/schema\/person\/image\/\",\"url\":\"https:\/\/secure.gravatar.com\/avatar\/b16e30836a09217884aa48b130989330?s=96&d=mm&r=g\",\"contentUrl\":\"https:\/\/secure.gravatar.com\/avatar\/b16e30836a09217884aa48b130989330?s=96&d=mm&r=g\",\"caption\":\"Rodrigo Williams\"},\"url\":\"https:\/\/www.ericeiramag.pt\/en\"}]}<\/script>\n<!-- \/ Yoast SEO plugin. -->","yoast_head_json":{"title":"The Drunken Festivities honor Saint Sebastian and Saint Vincent - AZUL-ERICEIRA MAG | O melhor da Ericeira","robots":{"index":"index","follow":"follow","max-snippet":"max-snippet:-1","max-image-preview":"max-image-preview:large","max-video-preview":"max-video-preview:-1"},"canonical":"https:\/\/www.ericeiramag.pt\/en\/the-drunken-festivities-honor-saint-sebastian-and-saint-vincent\/","og_locale":"en_US","og_type":"article","og_title":"The Drunken Festivities honor Saint Sebastian and Saint Vincent - AZUL-ERICEIRA MAG | O melhor da Ericeira","og_description":"Ericeira locals, residents, expats and visitors will have the opportunity to participate in one of the most genuine celebrations in town.","og_url":"https:\/\/www.ericeiramag.pt\/en\/the-drunken-festivities-honor-saint-sebastian-and-saint-vincent\/","og_site_name":"AZUL-ERICEIRA MAG | O melhor da Ericeira","article_publisher":"https:\/\/www.facebook.com\/AZULericeiramag\/","article_published_time":"2024-01-19T00:49:47+00:00","article_modified_time":"2024-01-19T13:21:22+00:00","og_image":[{"width":800,"height":579,"url":"https:\/\/www.ericeiramag.pt\/wp-content\/uploads\/2014\/01\/festa_dos_bebados_2014_azul.jpg","type":"image\/jpeg"}],"author":"Rodrigo Williams","twitter_misc":{"Written by":"Rodrigo Williams","Est. reading time":"3 minutes"},"schema":{"@context":"https:\/\/schema.org","@graph":[{"@type":"Article","@id":"https:\/\/www.ericeiramag.pt\/en\/the-drunken-festivities-honor-saint-sebastian-and-saint-vincent\/#article","isPartOf":{"@id":"https:\/\/www.ericeiramag.pt\/en\/the-drunken-festivities-honor-saint-sebastian-and-saint-vincent\/"},"author":{"name":"Rodrigo Williams","@id":"https:\/\/www.ericeiramag.pt\/#\/schema\/person\/772d0d7a332d2692f98da11f88677afd"},"headline":"The Drunken Festivities honor Saint Sebastian and Saint Vincent","datePublished":"2024-01-19T00:49:47+00:00","dateModified":"2024-01-19T13:21:22+00:00","mainEntityOfPage":{"@id":"https:\/\/www.ericeiramag.pt\/en\/the-drunken-festivities-honor-saint-sebastian-and-saint-vincent\/"},"wordCount":537,"publisher":{"@id":"https:\/\/www.ericeiramag.pt\/#organization"},"image":{"@id":"https:\/\/www.ericeiramag.pt\/en\/the-drunken-festivities-honor-saint-sebastian-and-saint-vincent\/#primaryimage"},"thumbnailUrl":"https:\/\/www.ericeiramag.pt\/wp-content\/uploads\/2014\/01\/festa_dos_bebados_2014_azul.jpg","articleSection":["DNA"],"inLanguage":"en-US"},{"@type":"WebPage","@id":"https:\/\/www.ericeiramag.pt\/en\/the-drunken-festivities-honor-saint-sebastian-and-saint-vincent\/","url":"https:\/\/www.ericeiramag.pt\/en\/the-drunken-festivities-honor-saint-sebastian-and-saint-vincent\/","name":"The Drunken Festivities honor Saint Sebastian and Saint Vincent - AZUL-ERICEIRA MAG | O melhor da Ericeira","isPartOf":{"@id":"https:\/\/www.ericeiramag.pt\/#website"},"primaryImageOfPage":{"@id":"https:\/\/www.ericeiramag.pt\/en\/the-drunken-festivities-honor-saint-sebastian-and-saint-vincent\/#primaryimage"},"image":{"@id":"https:\/\/www.ericeiramag.pt\/en\/the-drunken-festivities-honor-saint-sebastian-and-saint-vincent\/#primaryimage"},"thumbnailUrl":"https:\/\/www.ericeiramag.pt\/wp-content\/uploads\/2014\/01\/festa_dos_bebados_2014_azul.jpg","datePublished":"2024-01-19T00:49:47+00:00","dateModified":"2024-01-19T13:21:22+00:00","inLanguage":"en-US","potentialAction":[{"@type":"ReadAction","target":["https:\/\/www.ericeiramag.pt\/en\/the-drunken-festivities-honor-saint-sebastian-and-saint-vincent\/"]}]},{"@type":"ImageObject","inLanguage":"en-US","@id":"https:\/\/www.ericeiramag.pt\/en\/the-drunken-festivities-honor-saint-sebastian-and-saint-vincent\/#primaryimage","url":"https:\/\/www.ericeiramag.pt\/wp-content\/uploads\/2014\/01\/festa_dos_bebados_2014_azul.jpg","contentUrl":"https:\/\/www.ericeiramag.pt\/wp-content\/uploads\/2014\/01\/festa_dos_bebados_2014_azul.jpg","width":800,"height":579,"caption":"ph. AZUL"},{"@type":"WebSite","@id":"https:\/\/www.ericeiramag.pt\/#website","url":"https:\/\/www.ericeiramag.pt\/","name":"AZUL-ERICEIRA MAG | O melhor da Ericeira","description":"","publisher":{"@id":"https:\/\/www.ericeiramag.pt\/#organization"},"potentialAction":[{"@type":"SearchAction","target":{"@type":"EntryPoint","urlTemplate":"https:\/\/www.ericeiramag.pt\/?s={search_term_string}"},"query-input":{"@type":"PropertyValueSpecification","valueRequired":true,"valueName":"search_term_string"}}],"inLanguage":"en-US"},{"@type":"Organization","@id":"https:\/\/www.ericeiramag.pt\/#organization","name":"AZUL-ERICEIRA MAG | O melhor da Ericeira","url":"https:\/\/www.ericeiramag.pt\/","logo":{"@type":"ImageObject","inLanguage":"en-US","@id":"https:\/\/www.ericeiramag.pt\/#\/schema\/logo\/image\/","url":"https:\/\/www.ericeiramag.pt\/wp-content\/uploads\/2024\/03\/logo-branco.jpg","contentUrl":"https:\/\/www.ericeiramag.pt\/wp-content\/uploads\/2024\/03\/logo-branco.jpg","width":425,"height":283,"caption":"AZUL-ERICEIRA MAG | O melhor da Ericeira"},"image":{"@id":"https:\/\/www.ericeiramag.pt\/#\/schema\/logo\/image\/"},"sameAs":["https:\/\/www.facebook.com\/AZULericeiramag\/"]},{"@type":"Person","@id":"https:\/\/www.ericeiramag.pt\/#\/schema\/person\/772d0d7a332d2692f98da11f88677afd","name":"Rodrigo Williams","image":{"@type":"ImageObject","inLanguage":"en-US","@id":"https:\/\/www.ericeiramag.pt\/#\/schema\/person\/image\/","url":"https:\/\/secure.gravatar.com\/avatar\/b16e30836a09217884aa48b130989330?s=96&d=mm&r=g","contentUrl":"https:\/\/secure.gravatar.com\/avatar\/b16e30836a09217884aa48b130989330?s=96&d=mm&r=g","caption":"Rodrigo Williams"},"url":"https:\/\/www.ericeiramag.pt\/en"}]}},"_links":{"self":[{"href":"https:\/\/www.ericeiramag.pt\/en\/wp-json\/wp\/v2\/posts\/56972"}],"collection":[{"href":"https:\/\/www.ericeiramag.pt\/en\/wp-json\/wp\/v2\/posts"}],"about":[{"href":"https:\/\/www.ericeiramag.pt\/en\/wp-json\/wp\/v2\/types\/post"}],"author":[{"embeddable":true,"href":"https:\/\/www.ericeiramag.pt\/en\/wp-json\/wp\/v2\/users\/14"}],"replies":[{"embeddable":true,"href":"https:\/\/www.ericeiramag.pt\/en\/wp-json\/wp\/v2\/comments?post=56972"}],"version-history":[{"count":0,"href":"https:\/\/www.ericeiramag.pt\/en\/wp-json\/wp\/v2\/posts\/56972\/revisions"}],"wp:featuredmedia":[{"embeddable":true,"href":"https:\/\/www.ericeiramag.pt\/en\/wp-json\/wp\/v2\/media\/4653"}],"wp:attachment":[{"href":"https:\/\/www.ericeiramag.pt\/en\/wp-json\/wp\/v2\/media?parent=56972"}],"wp:term":[{"taxonomy":"category","embeddable":true,"href":"https:\/\/www.ericeiramag.pt\/en\/wp-json\/wp\/v2\/categories?post=56972"},{"taxonomy":"post_tag","embeddable":true,"href":"https:\/\/www.ericeiramag.pt\/en\/wp-json\/wp\/v2\/tags?post=56972"}],"curies":[{"name":"wp","href":"https:\/\/api.w.org\/{rel}","templated":true}]}}