{"id":52260,"date":"2022-12-27T00:00:46","date_gmt":"2022-12-27T00:00:46","guid":{"rendered":"https:\/\/www.ericeiramag.pt\/?p=52260\/"},"modified":"2022-12-22T10:58:26","modified_gmt":"2022-12-22T10:58:26","slug":"sumol-summer-fest-moves-to-costa-da-caparica","status":"publish","type":"post","link":"https:\/\/www.ericeiramag.pt\/en\/sumol-summer-fest-moves-to-costa-da-caparica\/","title":{"rendered":"Sumol Summer Fest moves to Costa da Caparica"},"content":{"rendered":"<p>&nbsp;<\/p>\n<p><strong>Photography:<\/strong> S\u00e9rgio Oliveira<\/p>\n<p>&nbsp;<\/p>\n<p>The promoter M\u00fasica no Cora\u00e7\u00e3o announced recently that the music festival Sumol Summer Fest will change the grounds of Ericeira Camping, in Ericeira, for Inatel Camping Park, next to S\u00e3o Jo\u00e3o beach, in Costa da Caparica, already for the next edition, scheduled for June 30th and July 1st 2023.<\/p>\n<p>The festival already has <a href=\"https:\/\/www.ericeiramag.pt\/en\/the-return-of-sumol-summer-fest-photogallery\/\" target=\"_blank\" rel=\"noopener noreferrer\">12 editions in the village where the sea is bluer<\/a> (in 2020 and 2021 it was not held due to the pandemic) and, for that reason, the promoter wrote in a statement it was grateful for the \u201cprivileged home that always welcomed them\u201d with open arms. Now the event is going to \u201ca bigger home with excellent accessibility conditions\u201d and \u201ca stone&#8217;s throw from the beach for the experience to be complete\u201d, adds M\u00fasica no Cora\u00e7\u00e3o.<\/p>\n<blockquote><p><em>the promoter is grateful for the privileged home that has always welcomed them with open arms<\/em><\/p><\/blockquote>\n<p>According to the organization, the event will have \u201cexcellent conditions and accessibility\u201d, continuing to take place next to the beach, as it happened in Ericeira, guaranteeing that \u201cthe news about the musical acts will arrive soon\u201d. The statement also discloses ticket prices, on sale at the usual places, and the availability of a Fan Pack, which costs 40 euros and includes a two-day pass with camping, an exclusive cloth bag and a drink.<\/p>\n<p><a href=\"https:\/\/www.ericeiramag.pt\/wp-content\/uploads\/2017\/07\/MG_1246.jpg\"><img loading=\"lazy\" decoding=\"async\" class=\"alignnone size-full wp-image-27013 colorbox-52260\" src=\"https:\/\/www.ericeiramag.pt\/wp-content\/uploads\/2017\/07\/MG_1246.jpg\" alt=\"\" width=\"1050\" height=\"700\" srcset=\"https:\/\/www.ericeiramag.pt\/wp-content\/uploads\/2017\/07\/MG_1246.jpg 1050w, https:\/\/www.ericeiramag.pt\/wp-content\/uploads\/2017\/07\/MG_1246-300x200.jpg 300w, https:\/\/www.ericeiramag.pt\/wp-content\/uploads\/2017\/07\/MG_1246-768x512.jpg 768w, https:\/\/www.ericeiramag.pt\/wp-content\/uploads\/2017\/07\/MG_1246-1024x683.jpg 1024w, https:\/\/www.ericeiramag.pt\/wp-content\/uploads\/2017\/07\/MG_1246-600x400.jpg 600w, https:\/\/www.ericeiramag.pt\/wp-content\/uploads\/2017\/07\/MG_1246-296x197.jpg 296w, https:\/\/www.ericeiramag.pt\/wp-content\/uploads\/2017\/07\/MG_1246-870x580.jpg 870w\" sizes=\"(max-width: 1050px) 100vw, 1050px\" \/><\/a><\/p>\n<p>Throughout this journey, Sumol Summer Fest hosted concerts by names such as Post Malone, Sean Paul, Burna Boy, Gentleman, Dub Inc, Marcelo D2, Gabriel o Pensador, Chance the Rapper, Tove Lo, Brockhampton or Young Thug.<\/p>\n<p>Recall <a href=\"https:\/\/www.ericeiramag.pt\/en\/video-of-the-week-375\/\" target=\"_blank\" rel=\"noopener noreferrer\">here<\/a> the best moments in video of the last edition of the Sumol Summer Fest in Ericeira.<\/p>\n<!-- AddThis Advanced Settings generic via filter on the_content --><!-- AddThis Share Buttons generic via filter on the_content -->","protected":false},"excerpt":{"rendered":"<p>Music festival held twelve editions in Ericeira over the last 14 years.<!-- AddThis Advanced Settings generic via filter on get_the_excerpt --><!-- AddThis Share Buttons generic via filter on get_the_excerpt --><\/p>\n","protected":false},"author":14,"featured_media":34097,"comment_status":"closed","ping_status":"closed","sticky":false,"template":"","format":"standard","meta":{"_monsterinsights_skip_tracking":false,"_monsterinsights_sitenote_active":false,"_monsterinsights_sitenote_note":"","_monsterinsights_sitenote_category":0,"footnotes":""},"categories":[70],"tags":[],"class_list":["post-52260","post","type-post","status-publish","format-standard","has-post-thumbnail","hentry","category-society"],"yoast_head":"<!-- This site is optimized with the Yoast SEO plugin v25.5 - https:\/\/yoast.com\/wordpress\/plugins\/seo\/ -->\n<title>Sumol Summer Fest moves to Costa da Caparica - AZUL-ERICEIRA MAG | O melhor da Ericeira<\/title>\n<meta name=\"robots\" content=\"index, follow, max-snippet:-1, max-image-preview:large, max-video-preview:-1\" \/>\n<link rel=\"canonical\" href=\"https:\/\/www.ericeiramag.pt\/en\/sumol-summer-fest-moves-to-costa-da-caparica\/\" \/>\n<meta property=\"og:locale\" content=\"en_US\" \/>\n<meta property=\"og:type\" content=\"article\" \/>\n<meta property=\"og:title\" content=\"Sumol Summer Fest moves to Costa da Caparica - AZUL-ERICEIRA MAG | O melhor da Ericeira\" \/>\n<meta property=\"og:description\" content=\"Music festival held twelve editions in Ericeira over the last 14 years.\" \/>\n<meta property=\"og:url\" content=\"https:\/\/www.ericeiramag.pt\/en\/sumol-summer-fest-moves-to-costa-da-caparica\/\" \/>\n<meta property=\"og:site_name\" content=\"AZUL-ERICEIRA MAG | O melhor da Ericeira\" \/>\n<meta property=\"article:publisher\" content=\"https:\/\/www.facebook.com\/AZULericeiramag\/\" \/>\n<meta property=\"article:published_time\" content=\"2022-12-27T00:00:46+00:00\" \/>\n<meta property=\"og:image\" content=\"https:\/\/www.ericeiramag.pt\/wp-content\/uploads\/2019\/07\/Sumol-Summer-Fest-2019-ph.-S\u00e9rgio-Oliveira-8.jpg\" \/>\n\t<meta property=\"og:image:width\" content=\"1050\" \/>\n\t<meta property=\"og:image:height\" content=\"700\" \/>\n\t<meta property=\"og:image:type\" content=\"image\/jpeg\" \/>\n<meta name=\"author\" content=\"Rodrigo Williams\" \/>\n<meta name=\"twitter:label1\" content=\"Written by\" \/>\n\t<meta name=\"twitter:data1\" content=\"Rodrigo Williams\" \/>\n\t<meta name=\"twitter:label2\" content=\"Est. reading time\" \/>\n\t<meta name=\"twitter:data2\" content=\"1 minute\" \/>\n<script type=\"application\/ld+json\" class=\"yoast-schema-graph\">{\"@context\":\"https:\/\/schema.org\",\"@graph\":[{\"@type\":\"Article\",\"@id\":\"https:\/\/www.ericeiramag.pt\/en\/sumol-summer-fest-moves-to-costa-da-caparica\/#article\",\"isPartOf\":{\"@id\":\"https:\/\/www.ericeiramag.pt\/en\/sumol-summer-fest-moves-to-costa-da-caparica\/\"},\"author\":{\"name\":\"Rodrigo Williams\",\"@id\":\"https:\/\/www.ericeiramag.pt\/#\/schema\/person\/772d0d7a332d2692f98da11f88677afd\"},\"headline\":\"Sumol Summer Fest moves to Costa da Caparica\",\"datePublished\":\"2022-12-27T00:00:46+00:00\",\"mainEntityOfPage\":{\"@id\":\"https:\/\/www.ericeiramag.pt\/en\/sumol-summer-fest-moves-to-costa-da-caparica\/\"},\"wordCount\":286,\"publisher\":{\"@id\":\"https:\/\/www.ericeiramag.pt\/#organization\"},\"image\":{\"@id\":\"https:\/\/www.ericeiramag.pt\/en\/sumol-summer-fest-moves-to-costa-da-caparica\/#primaryimage\"},\"thumbnailUrl\":\"https:\/\/www.ericeiramag.pt\/wp-content\/uploads\/2019\/07\/Sumol-Summer-Fest-2019-ph.-S\u00e9rgio-Oliveira-8.jpg\",\"articleSection\":[\"society\"],\"inLanguage\":\"en-US\"},{\"@type\":\"WebPage\",\"@id\":\"https:\/\/www.ericeiramag.pt\/en\/sumol-summer-fest-moves-to-costa-da-caparica\/\",\"url\":\"https:\/\/www.ericeiramag.pt\/en\/sumol-summer-fest-moves-to-costa-da-caparica\/\",\"name\":\"Sumol Summer Fest moves to Costa da Caparica - AZUL-ERICEIRA MAG | O melhor da Ericeira\",\"isPartOf\":{\"@id\":\"https:\/\/www.ericeiramag.pt\/#website\"},\"primaryImageOfPage\":{\"@id\":\"https:\/\/www.ericeiramag.pt\/en\/sumol-summer-fest-moves-to-costa-da-caparica\/#primaryimage\"},\"image\":{\"@id\":\"https:\/\/www.ericeiramag.pt\/en\/sumol-summer-fest-moves-to-costa-da-caparica\/#primaryimage\"},\"thumbnailUrl\":\"https:\/\/www.ericeiramag.pt\/wp-content\/uploads\/2019\/07\/Sumol-Summer-Fest-2019-ph.-S\u00e9rgio-Oliveira-8.jpg\",\"datePublished\":\"2022-12-27T00:00:46+00:00\",\"inLanguage\":\"en-US\",\"potentialAction\":[{\"@type\":\"ReadAction\",\"target\":[\"https:\/\/www.ericeiramag.pt\/en\/sumol-summer-fest-moves-to-costa-da-caparica\/\"]}]},{\"@type\":\"ImageObject\",\"inLanguage\":\"en-US\",\"@id\":\"https:\/\/www.ericeiramag.pt\/en\/sumol-summer-fest-moves-to-costa-da-caparica\/#primaryimage\",\"url\":\"https:\/\/www.ericeiramag.pt\/wp-content\/uploads\/2019\/07\/Sumol-Summer-Fest-2019-ph.-S\u00e9rgio-Oliveira-8.jpg\",\"contentUrl\":\"https:\/\/www.ericeiramag.pt\/wp-content\/uploads\/2019\/07\/Sumol-Summer-Fest-2019-ph.-S\u00e9rgio-Oliveira-8.jpg\",\"width\":1050,\"height\":700},{\"@type\":\"WebSite\",\"@id\":\"https:\/\/www.ericeiramag.pt\/#website\",\"url\":\"https:\/\/www.ericeiramag.pt\/\",\"name\":\"AZUL-ERICEIRA MAG | O melhor da Ericeira\",\"description\":\"\",\"publisher\":{\"@id\":\"https:\/\/www.ericeiramag.pt\/#organization\"},\"potentialAction\":[{\"@type\":\"SearchAction\",\"target\":{\"@type\":\"EntryPoint\",\"urlTemplate\":\"https:\/\/www.ericeiramag.pt\/?s={search_term_string}\"},\"query-input\":{\"@type\":\"PropertyValueSpecification\",\"valueRequired\":true,\"valueName\":\"search_term_string\"}}],\"inLanguage\":\"en-US\"},{\"@type\":\"Organization\",\"@id\":\"https:\/\/www.ericeiramag.pt\/#organization\",\"name\":\"AZUL-ERICEIRA MAG | O melhor da Ericeira\",\"url\":\"https:\/\/www.ericeiramag.pt\/\",\"logo\":{\"@type\":\"ImageObject\",\"inLanguage\":\"en-US\",\"@id\":\"https:\/\/www.ericeiramag.pt\/#\/schema\/logo\/image\/\",\"url\":\"https:\/\/www.ericeiramag.pt\/wp-content\/uploads\/2024\/03\/logo-branco.jpg\",\"contentUrl\":\"https:\/\/www.ericeiramag.pt\/wp-content\/uploads\/2024\/03\/logo-branco.jpg\",\"width\":425,\"height\":283,\"caption\":\"AZUL-ERICEIRA MAG | O melhor da Ericeira\"},\"image\":{\"@id\":\"https:\/\/www.ericeiramag.pt\/#\/schema\/logo\/image\/\"},\"sameAs\":[\"https:\/\/www.facebook.com\/AZULericeiramag\/\"]},{\"@type\":\"Person\",\"@id\":\"https:\/\/www.ericeiramag.pt\/#\/schema\/person\/772d0d7a332d2692f98da11f88677afd\",\"name\":\"Rodrigo Williams\",\"image\":{\"@type\":\"ImageObject\",\"inLanguage\":\"en-US\",\"@id\":\"https:\/\/www.ericeiramag.pt\/#\/schema\/person\/image\/\",\"url\":\"https:\/\/secure.gravatar.com\/avatar\/b16e30836a09217884aa48b130989330?s=96&d=mm&r=g\",\"contentUrl\":\"https:\/\/secure.gravatar.com\/avatar\/b16e30836a09217884aa48b130989330?s=96&d=mm&r=g\",\"caption\":\"Rodrigo Williams\"},\"url\":\"https:\/\/www.ericeiramag.pt\/en\"}]}<\/script>\n<!-- \/ Yoast SEO plugin. -->","yoast_head_json":{"title":"Sumol Summer Fest moves to Costa da Caparica - AZUL-ERICEIRA MAG | O melhor da Ericeira","robots":{"index":"index","follow":"follow","max-snippet":"max-snippet:-1","max-image-preview":"max-image-preview:large","max-video-preview":"max-video-preview:-1"},"canonical":"https:\/\/www.ericeiramag.pt\/en\/sumol-summer-fest-moves-to-costa-da-caparica\/","og_locale":"en_US","og_type":"article","og_title":"Sumol Summer Fest moves to Costa da Caparica - AZUL-ERICEIRA MAG | O melhor da Ericeira","og_description":"Music festival held twelve editions in Ericeira over the last 14 years.","og_url":"https:\/\/www.ericeiramag.pt\/en\/sumol-summer-fest-moves-to-costa-da-caparica\/","og_site_name":"AZUL-ERICEIRA MAG | O melhor da Ericeira","article_publisher":"https:\/\/www.facebook.com\/AZULericeiramag\/","article_published_time":"2022-12-27T00:00:46+00:00","og_image":[{"width":1050,"height":700,"url":"https:\/\/www.ericeiramag.pt\/wp-content\/uploads\/2019\/07\/Sumol-Summer-Fest-2019-ph.-S\u00e9rgio-Oliveira-8.jpg","type":"image\/jpeg"}],"author":"Rodrigo Williams","twitter_misc":{"Written by":"Rodrigo Williams","Est. reading time":"1 minute"},"schema":{"@context":"https:\/\/schema.org","@graph":[{"@type":"Article","@id":"https:\/\/www.ericeiramag.pt\/en\/sumol-summer-fest-moves-to-costa-da-caparica\/#article","isPartOf":{"@id":"https:\/\/www.ericeiramag.pt\/en\/sumol-summer-fest-moves-to-costa-da-caparica\/"},"author":{"name":"Rodrigo Williams","@id":"https:\/\/www.ericeiramag.pt\/#\/schema\/person\/772d0d7a332d2692f98da11f88677afd"},"headline":"Sumol Summer Fest moves to Costa da Caparica","datePublished":"2022-12-27T00:00:46+00:00","mainEntityOfPage":{"@id":"https:\/\/www.ericeiramag.pt\/en\/sumol-summer-fest-moves-to-costa-da-caparica\/"},"wordCount":286,"publisher":{"@id":"https:\/\/www.ericeiramag.pt\/#organization"},"image":{"@id":"https:\/\/www.ericeiramag.pt\/en\/sumol-summer-fest-moves-to-costa-da-caparica\/#primaryimage"},"thumbnailUrl":"https:\/\/www.ericeiramag.pt\/wp-content\/uploads\/2019\/07\/Sumol-Summer-Fest-2019-ph.-S\u00e9rgio-Oliveira-8.jpg","articleSection":["society"],"inLanguage":"en-US"},{"@type":"WebPage","@id":"https:\/\/www.ericeiramag.pt\/en\/sumol-summer-fest-moves-to-costa-da-caparica\/","url":"https:\/\/www.ericeiramag.pt\/en\/sumol-summer-fest-moves-to-costa-da-caparica\/","name":"Sumol Summer Fest moves to Costa da Caparica - AZUL-ERICEIRA MAG | O melhor da Ericeira","isPartOf":{"@id":"https:\/\/www.ericeiramag.pt\/#website"},"primaryImageOfPage":{"@id":"https:\/\/www.ericeiramag.pt\/en\/sumol-summer-fest-moves-to-costa-da-caparica\/#primaryimage"},"image":{"@id":"https:\/\/www.ericeiramag.pt\/en\/sumol-summer-fest-moves-to-costa-da-caparica\/#primaryimage"},"thumbnailUrl":"https:\/\/www.ericeiramag.pt\/wp-content\/uploads\/2019\/07\/Sumol-Summer-Fest-2019-ph.-S\u00e9rgio-Oliveira-8.jpg","datePublished":"2022-12-27T00:00:46+00:00","inLanguage":"en-US","potentialAction":[{"@type":"ReadAction","target":["https:\/\/www.ericeiramag.pt\/en\/sumol-summer-fest-moves-to-costa-da-caparica\/"]}]},{"@type":"ImageObject","inLanguage":"en-US","@id":"https:\/\/www.ericeiramag.pt\/en\/sumol-summer-fest-moves-to-costa-da-caparica\/#primaryimage","url":"https:\/\/www.ericeiramag.pt\/wp-content\/uploads\/2019\/07\/Sumol-Summer-Fest-2019-ph.-S\u00e9rgio-Oliveira-8.jpg","contentUrl":"https:\/\/www.ericeiramag.pt\/wp-content\/uploads\/2019\/07\/Sumol-Summer-Fest-2019-ph.-S\u00e9rgio-Oliveira-8.jpg","width":1050,"height":700},{"@type":"WebSite","@id":"https:\/\/www.ericeiramag.pt\/#website","url":"https:\/\/www.ericeiramag.pt\/","name":"AZUL-ERICEIRA MAG | O melhor da Ericeira","description":"","publisher":{"@id":"https:\/\/www.ericeiramag.pt\/#organization"},"potentialAction":[{"@type":"SearchAction","target":{"@type":"EntryPoint","urlTemplate":"https:\/\/www.ericeiramag.pt\/?s={search_term_string}"},"query-input":{"@type":"PropertyValueSpecification","valueRequired":true,"valueName":"search_term_string"}}],"inLanguage":"en-US"},{"@type":"Organization","@id":"https:\/\/www.ericeiramag.pt\/#organization","name":"AZUL-ERICEIRA MAG | O melhor da Ericeira","url":"https:\/\/www.ericeiramag.pt\/","logo":{"@type":"ImageObject","inLanguage":"en-US","@id":"https:\/\/www.ericeiramag.pt\/#\/schema\/logo\/image\/","url":"https:\/\/www.ericeiramag.pt\/wp-content\/uploads\/2024\/03\/logo-branco.jpg","contentUrl":"https:\/\/www.ericeiramag.pt\/wp-content\/uploads\/2024\/03\/logo-branco.jpg","width":425,"height":283,"caption":"AZUL-ERICEIRA MAG | O melhor da Ericeira"},"image":{"@id":"https:\/\/www.ericeiramag.pt\/#\/schema\/logo\/image\/"},"sameAs":["https:\/\/www.facebook.com\/AZULericeiramag\/"]},{"@type":"Person","@id":"https:\/\/www.ericeiramag.pt\/#\/schema\/person\/772d0d7a332d2692f98da11f88677afd","name":"Rodrigo Williams","image":{"@type":"ImageObject","inLanguage":"en-US","@id":"https:\/\/www.ericeiramag.pt\/#\/schema\/person\/image\/","url":"https:\/\/secure.gravatar.com\/avatar\/b16e30836a09217884aa48b130989330?s=96&d=mm&r=g","contentUrl":"https:\/\/secure.gravatar.com\/avatar\/b16e30836a09217884aa48b130989330?s=96&d=mm&r=g","caption":"Rodrigo Williams"},"url":"https:\/\/www.ericeiramag.pt\/en"}]}},"_links":{"self":[{"href":"https:\/\/www.ericeiramag.pt\/en\/wp-json\/wp\/v2\/posts\/52260"}],"collection":[{"href":"https:\/\/www.ericeiramag.pt\/en\/wp-json\/wp\/v2\/posts"}],"about":[{"href":"https:\/\/www.ericeiramag.pt\/en\/wp-json\/wp\/v2\/types\/post"}],"author":[{"embeddable":true,"href":"https:\/\/www.ericeiramag.pt\/en\/wp-json\/wp\/v2\/users\/14"}],"replies":[{"embeddable":true,"href":"https:\/\/www.ericeiramag.pt\/en\/wp-json\/wp\/v2\/comments?post=52260"}],"version-history":[{"count":0,"href":"https:\/\/www.ericeiramag.pt\/en\/wp-json\/wp\/v2\/posts\/52260\/revisions"}],"wp:featuredmedia":[{"embeddable":true,"href":"https:\/\/www.ericeiramag.pt\/en\/wp-json\/wp\/v2\/media\/34097"}],"wp:attachment":[{"href":"https:\/\/www.ericeiramag.pt\/en\/wp-json\/wp\/v2\/media?parent=52260"}],"wp:term":[{"taxonomy":"category","embeddable":true,"href":"https:\/\/www.ericeiramag.pt\/en\/wp-json\/wp\/v2\/categories?post=52260"},{"taxonomy":"post_tag","embeddable":true,"href":"https:\/\/www.ericeiramag.pt\/en\/wp-json\/wp\/v2\/tags?post=52260"}],"curies":[{"name":"wp","href":"https:\/\/api.w.org\/{rel}","templated":true}]}}