{"id":51967,"date":"2022-11-23T10:21:09","date_gmt":"2022-11-23T10:21:09","guid":{"rendered":"https:\/\/www.ericeiramag.pt\/?p=51967\/"},"modified":"2022-11-23T10:21:09","modified_gmt":"2022-11-23T10:21:09","slug":"christmas-is-coming-to-ericeira-and-mafra","status":"publish","type":"post","link":"https:\/\/www.ericeiramag.pt\/en\/christmas-is-coming-to-ericeira-and-mafra\/","title":{"rendered":"Christmas is coming to Ericeira and Mafra"},"content":{"rendered":"<p>&nbsp;<\/p>\n<p><strong>Photography:<\/strong> Mafra City Council<\/p>\n<p>&nbsp;<\/p>\n<p>Between November 25, 2022, and January 6, 2023, the villages of Mafra and Ericeira will light up to receive the now traditional initiative \u201cChristmas Arrived at the Village\u201d (&#8220;O Natal Chegou \u00e0 Vila&#8221;), with official opening scheduled for Friday, at 18:30 in Mafra and 19:30 in Ericeira.<\/p>\n<p>Christmas is just a month away and it is in this context that the two villages are beginning to fill up with Christmas spirit, celebrating this festive season with a Christmas Market, a Carousel, Santa Claus and other initiatives that will enliven days and nights until next year&#8217;s Twelfth Night.<\/p>\n<p><a href=\"https:\/\/www.ericeiramag.pt\/wp-content\/uploads\/2019\/11\/Carrossel-Natal-ph.-CMMafra.jpg\"><img loading=\"lazy\" decoding=\"async\" class=\"alignnone size-full wp-image-36149 colorbox-51967\" src=\"https:\/\/www.ericeiramag.pt\/wp-content\/uploads\/2019\/11\/Carrossel-Natal-ph.-CMMafra.jpg\" alt=\"\" width=\"958\" height=\"640\" srcset=\"https:\/\/www.ericeiramag.pt\/wp-content\/uploads\/2019\/11\/Carrossel-Natal-ph.-CMMafra.jpg 958w, https:\/\/www.ericeiramag.pt\/wp-content\/uploads\/2019\/11\/Carrossel-Natal-ph.-CMMafra-300x200.jpg 300w, https:\/\/www.ericeiramag.pt\/wp-content\/uploads\/2019\/11\/Carrossel-Natal-ph.-CMMafra-768x513.jpg 768w, https:\/\/www.ericeiramag.pt\/wp-content\/uploads\/2019\/11\/Carrossel-Natal-ph.-CMMafra-600x401.jpg 600w, https:\/\/www.ericeiramag.pt\/wp-content\/uploads\/2019\/11\/Carrossel-Natal-ph.-CMMafra-296x197.jpg 296w, https:\/\/www.ericeiramag.pt\/wp-content\/uploads\/2019\/11\/Carrossel-Natal-ph.-CMMafra-868x580.jpg 868w\" sizes=\"(max-width: 958px) 100vw, 958px\" \/><\/a><\/p>\n<p>The Carrousel will be operating at Terreiro D. Jo\u00e3o V, in Mafra, while the Christmas Market will be set up both at Terreiro D. Jo\u00e3o V and at Pra\u00e7a da Rep\u00fablica, better known as \u201cJogo da Bola\u201d, in Ericeira.<\/p>\n<p>These two attractions will be available between November 26 and December 24, from Sunday to Thursday from 10 am to 8 pm and Friday and Saturday from 10 am to 10 pm, as well as on the eve of public holidays on November 30 and December 7, with the exception of November 25 and December 24, whose opening hours will be from 4 pm to 10 pm and from 10 am to 3 pm, respectively.<\/p>\n<p>As for the appearances of the bearded old man, mostly awaited by children, they are distributed as follows: in Mafra on Saturdays, Sundays and holidays between 4:30 pm and 6:30 pm; in Ericeira Santa Claus will be present on Saturdays between 2:30 pm and 3:30 pm.<\/p>\n<div id=\"attachment_36341\" style=\"width: 1060px\" class=\"wp-caption alignnone\"><a href=\"https:\/\/www.ericeiramag.pt\/wp-content\/uploads\/2019\/12\/IMG_3938-e1576063468641.jpg\"><img loading=\"lazy\" decoding=\"async\" aria-describedby=\"caption-attachment-36341\" class=\"size-full wp-image-36341 colorbox-51967\" src=\"https:\/\/www.ericeiramag.pt\/wp-content\/uploads\/2019\/12\/IMG_3938-e1576063468641.jpg\" alt=\"\" width=\"1050\" height=\"789\" \/><\/a><p id=\"caption-attachment-36341\" class=\"wp-caption-text\">No seu trono instalado na Ericeira.<\/p><\/div>\n<p>The complete program (including other municipal initiatives to celebrate the Christmas season) is available <a href=\"https:\/\/www.cm-mafra.pt\/cmmafra\/uploads\/writer_file\/document\/5259\/folheto_o_natal_chegou_a_vila_2022.pdf\" target=\"_blank\" rel=\"noopener noreferrer\">here<\/a>.<\/p>\n<!-- AddThis Advanced Settings generic via filter on the_content --><!-- AddThis Share Buttons generic via filter on the_content -->","protected":false},"excerpt":{"rendered":"<p>Christmas Markets, Carousel and other initiatives will liven up the most magical season of the year.<!-- AddThis Advanced Settings generic via filter on get_the_excerpt --><!-- AddThis Share Buttons generic via filter on get_the_excerpt --><\/p>\n","protected":false},"author":14,"featured_media":41023,"comment_status":"closed","ping_status":"closed","sticky":false,"template":"","format":"standard","meta":{"_monsterinsights_skip_tracking":false,"_monsterinsights_sitenote_active":false,"_monsterinsights_sitenote_note":"","_monsterinsights_sitenote_category":0,"footnotes":""},"categories":[64],"tags":[],"class_list":["post-51967","post","type-post","status-publish","format-standard","has-post-thumbnail","hentry","category-compass"],"yoast_head":"<!-- This site is optimized with the Yoast SEO plugin v25.5 - https:\/\/yoast.com\/wordpress\/plugins\/seo\/ -->\n<title>Christmas is coming to Ericeira and Mafra - AZUL-ERICEIRA MAG | O melhor da Ericeira<\/title>\n<meta name=\"robots\" content=\"index, follow, max-snippet:-1, max-image-preview:large, max-video-preview:-1\" \/>\n<link rel=\"canonical\" href=\"https:\/\/www.ericeiramag.pt\/en\/christmas-is-coming-to-ericeira-and-mafra\/\" \/>\n<meta property=\"og:locale\" content=\"en_US\" \/>\n<meta property=\"og:type\" content=\"article\" \/>\n<meta property=\"og:title\" content=\"Christmas is coming to Ericeira and Mafra - AZUL-ERICEIRA MAG | O melhor da Ericeira\" \/>\n<meta property=\"og:description\" content=\"Christmas Markets, Carousel and other initiatives will liven up the most magical season of the year.\" \/>\n<meta property=\"og:url\" content=\"https:\/\/www.ericeiramag.pt\/en\/christmas-is-coming-to-ericeira-and-mafra\/\" \/>\n<meta property=\"og:site_name\" content=\"AZUL-ERICEIRA MAG | O melhor da Ericeira\" \/>\n<meta property=\"article:publisher\" content=\"https:\/\/www.facebook.com\/AZULericeiramag\/\" \/>\n<meta property=\"article:published_time\" content=\"2022-11-23T10:21:09+00:00\" \/>\n<meta property=\"og:image\" content=\"https:\/\/www.ericeiramag.pt\/wp-content\/uploads\/2020\/12\/Natal-ph.-C\u00e2mara-Municipal-de-Mafra-2-e1607016148537.jpg\" \/>\n\t<meta property=\"og:image:width\" content=\"1050\" \/>\n\t<meta property=\"og:image:height\" content=\"700\" \/>\n\t<meta property=\"og:image:type\" content=\"image\/jpeg\" \/>\n<meta name=\"author\" content=\"Rodrigo Williams\" \/>\n<meta name=\"twitter:label1\" content=\"Written by\" \/>\n\t<meta name=\"twitter:data1\" content=\"Rodrigo Williams\" \/>\n\t<meta name=\"twitter:label2\" content=\"Est. reading time\" \/>\n\t<meta name=\"twitter:data2\" content=\"1 minute\" \/>\n<script type=\"application\/ld+json\" class=\"yoast-schema-graph\">{\"@context\":\"https:\/\/schema.org\",\"@graph\":[{\"@type\":\"Article\",\"@id\":\"https:\/\/www.ericeiramag.pt\/en\/christmas-is-coming-to-ericeira-and-mafra\/#article\",\"isPartOf\":{\"@id\":\"https:\/\/www.ericeiramag.pt\/en\/christmas-is-coming-to-ericeira-and-mafra\/\"},\"author\":{\"name\":\"Rodrigo Williams\",\"@id\":\"https:\/\/www.ericeiramag.pt\/#\/schema\/person\/772d0d7a332d2692f98da11f88677afd\"},\"headline\":\"Christmas is coming to Ericeira and Mafra\",\"datePublished\":\"2022-11-23T10:21:09+00:00\",\"mainEntityOfPage\":{\"@id\":\"https:\/\/www.ericeiramag.pt\/en\/christmas-is-coming-to-ericeira-and-mafra\/\"},\"wordCount\":277,\"publisher\":{\"@id\":\"https:\/\/www.ericeiramag.pt\/#organization\"},\"image\":{\"@id\":\"https:\/\/www.ericeiramag.pt\/en\/christmas-is-coming-to-ericeira-and-mafra\/#primaryimage\"},\"thumbnailUrl\":\"https:\/\/www.ericeiramag.pt\/wp-content\/uploads\/2020\/12\/Natal-ph.-C\u00e2mara-Municipal-de-Mafra-2-e1607016148537.jpg\",\"articleSection\":[\"compass\"],\"inLanguage\":\"en-US\"},{\"@type\":\"WebPage\",\"@id\":\"https:\/\/www.ericeiramag.pt\/en\/christmas-is-coming-to-ericeira-and-mafra\/\",\"url\":\"https:\/\/www.ericeiramag.pt\/en\/christmas-is-coming-to-ericeira-and-mafra\/\",\"name\":\"Christmas is coming to Ericeira and Mafra - AZUL-ERICEIRA MAG | O melhor da Ericeira\",\"isPartOf\":{\"@id\":\"https:\/\/www.ericeiramag.pt\/#website\"},\"primaryImageOfPage\":{\"@id\":\"https:\/\/www.ericeiramag.pt\/en\/christmas-is-coming-to-ericeira-and-mafra\/#primaryimage\"},\"image\":{\"@id\":\"https:\/\/www.ericeiramag.pt\/en\/christmas-is-coming-to-ericeira-and-mafra\/#primaryimage\"},\"thumbnailUrl\":\"https:\/\/www.ericeiramag.pt\/wp-content\/uploads\/2020\/12\/Natal-ph.-C\u00e2mara-Municipal-de-Mafra-2-e1607016148537.jpg\",\"datePublished\":\"2022-11-23T10:21:09+00:00\",\"inLanguage\":\"en-US\",\"potentialAction\":[{\"@type\":\"ReadAction\",\"target\":[\"https:\/\/www.ericeiramag.pt\/en\/christmas-is-coming-to-ericeira-and-mafra\/\"]}]},{\"@type\":\"ImageObject\",\"inLanguage\":\"en-US\",\"@id\":\"https:\/\/www.ericeiramag.pt\/en\/christmas-is-coming-to-ericeira-and-mafra\/#primaryimage\",\"url\":\"https:\/\/www.ericeiramag.pt\/wp-content\/uploads\/2020\/12\/Natal-ph.-C\u00e2mara-Municipal-de-Mafra-2-e1607016148537.jpg\",\"contentUrl\":\"https:\/\/www.ericeiramag.pt\/wp-content\/uploads\/2020\/12\/Natal-ph.-C\u00e2mara-Municipal-de-Mafra-2-e1607016148537.jpg\",\"width\":1050,\"height\":700},{\"@type\":\"WebSite\",\"@id\":\"https:\/\/www.ericeiramag.pt\/#website\",\"url\":\"https:\/\/www.ericeiramag.pt\/\",\"name\":\"AZUL-ERICEIRA MAG | O melhor da Ericeira\",\"description\":\"\",\"publisher\":{\"@id\":\"https:\/\/www.ericeiramag.pt\/#organization\"},\"potentialAction\":[{\"@type\":\"SearchAction\",\"target\":{\"@type\":\"EntryPoint\",\"urlTemplate\":\"https:\/\/www.ericeiramag.pt\/?s={search_term_string}\"},\"query-input\":{\"@type\":\"PropertyValueSpecification\",\"valueRequired\":true,\"valueName\":\"search_term_string\"}}],\"inLanguage\":\"en-US\"},{\"@type\":\"Organization\",\"@id\":\"https:\/\/www.ericeiramag.pt\/#organization\",\"name\":\"AZUL-ERICEIRA MAG | O melhor da Ericeira\",\"url\":\"https:\/\/www.ericeiramag.pt\/\",\"logo\":{\"@type\":\"ImageObject\",\"inLanguage\":\"en-US\",\"@id\":\"https:\/\/www.ericeiramag.pt\/#\/schema\/logo\/image\/\",\"url\":\"https:\/\/www.ericeiramag.pt\/wp-content\/uploads\/2024\/03\/logo-branco.jpg\",\"contentUrl\":\"https:\/\/www.ericeiramag.pt\/wp-content\/uploads\/2024\/03\/logo-branco.jpg\",\"width\":425,\"height\":283,\"caption\":\"AZUL-ERICEIRA MAG | O melhor da Ericeira\"},\"image\":{\"@id\":\"https:\/\/www.ericeiramag.pt\/#\/schema\/logo\/image\/\"},\"sameAs\":[\"https:\/\/www.facebook.com\/AZULericeiramag\/\"]},{\"@type\":\"Person\",\"@id\":\"https:\/\/www.ericeiramag.pt\/#\/schema\/person\/772d0d7a332d2692f98da11f88677afd\",\"name\":\"Rodrigo Williams\",\"image\":{\"@type\":\"ImageObject\",\"inLanguage\":\"en-US\",\"@id\":\"https:\/\/www.ericeiramag.pt\/#\/schema\/person\/image\/\",\"url\":\"https:\/\/secure.gravatar.com\/avatar\/b16e30836a09217884aa48b130989330?s=96&d=mm&r=g\",\"contentUrl\":\"https:\/\/secure.gravatar.com\/avatar\/b16e30836a09217884aa48b130989330?s=96&d=mm&r=g\",\"caption\":\"Rodrigo Williams\"},\"url\":\"https:\/\/www.ericeiramag.pt\/en\"}]}<\/script>\n<!-- \/ Yoast SEO plugin. -->","yoast_head_json":{"title":"Christmas is coming to Ericeira and Mafra - AZUL-ERICEIRA MAG | O melhor da Ericeira","robots":{"index":"index","follow":"follow","max-snippet":"max-snippet:-1","max-image-preview":"max-image-preview:large","max-video-preview":"max-video-preview:-1"},"canonical":"https:\/\/www.ericeiramag.pt\/en\/christmas-is-coming-to-ericeira-and-mafra\/","og_locale":"en_US","og_type":"article","og_title":"Christmas is coming to Ericeira and Mafra - AZUL-ERICEIRA MAG | O melhor da Ericeira","og_description":"Christmas Markets, Carousel and other initiatives will liven up the most magical season of the year.","og_url":"https:\/\/www.ericeiramag.pt\/en\/christmas-is-coming-to-ericeira-and-mafra\/","og_site_name":"AZUL-ERICEIRA MAG | O melhor da Ericeira","article_publisher":"https:\/\/www.facebook.com\/AZULericeiramag\/","article_published_time":"2022-11-23T10:21:09+00:00","og_image":[{"width":1050,"height":700,"url":"https:\/\/www.ericeiramag.pt\/wp-content\/uploads\/2020\/12\/Natal-ph.-C\u00e2mara-Municipal-de-Mafra-2-e1607016148537.jpg","type":"image\/jpeg"}],"author":"Rodrigo Williams","twitter_misc":{"Written by":"Rodrigo Williams","Est. reading time":"1 minute"},"schema":{"@context":"https:\/\/schema.org","@graph":[{"@type":"Article","@id":"https:\/\/www.ericeiramag.pt\/en\/christmas-is-coming-to-ericeira-and-mafra\/#article","isPartOf":{"@id":"https:\/\/www.ericeiramag.pt\/en\/christmas-is-coming-to-ericeira-and-mafra\/"},"author":{"name":"Rodrigo Williams","@id":"https:\/\/www.ericeiramag.pt\/#\/schema\/person\/772d0d7a332d2692f98da11f88677afd"},"headline":"Christmas is coming to Ericeira and Mafra","datePublished":"2022-11-23T10:21:09+00:00","mainEntityOfPage":{"@id":"https:\/\/www.ericeiramag.pt\/en\/christmas-is-coming-to-ericeira-and-mafra\/"},"wordCount":277,"publisher":{"@id":"https:\/\/www.ericeiramag.pt\/#organization"},"image":{"@id":"https:\/\/www.ericeiramag.pt\/en\/christmas-is-coming-to-ericeira-and-mafra\/#primaryimage"},"thumbnailUrl":"https:\/\/www.ericeiramag.pt\/wp-content\/uploads\/2020\/12\/Natal-ph.-C\u00e2mara-Municipal-de-Mafra-2-e1607016148537.jpg","articleSection":["compass"],"inLanguage":"en-US"},{"@type":"WebPage","@id":"https:\/\/www.ericeiramag.pt\/en\/christmas-is-coming-to-ericeira-and-mafra\/","url":"https:\/\/www.ericeiramag.pt\/en\/christmas-is-coming-to-ericeira-and-mafra\/","name":"Christmas is coming to Ericeira and Mafra - AZUL-ERICEIRA MAG | O melhor da Ericeira","isPartOf":{"@id":"https:\/\/www.ericeiramag.pt\/#website"},"primaryImageOfPage":{"@id":"https:\/\/www.ericeiramag.pt\/en\/christmas-is-coming-to-ericeira-and-mafra\/#primaryimage"},"image":{"@id":"https:\/\/www.ericeiramag.pt\/en\/christmas-is-coming-to-ericeira-and-mafra\/#primaryimage"},"thumbnailUrl":"https:\/\/www.ericeiramag.pt\/wp-content\/uploads\/2020\/12\/Natal-ph.-C\u00e2mara-Municipal-de-Mafra-2-e1607016148537.jpg","datePublished":"2022-11-23T10:21:09+00:00","inLanguage":"en-US","potentialAction":[{"@type":"ReadAction","target":["https:\/\/www.ericeiramag.pt\/en\/christmas-is-coming-to-ericeira-and-mafra\/"]}]},{"@type":"ImageObject","inLanguage":"en-US","@id":"https:\/\/www.ericeiramag.pt\/en\/christmas-is-coming-to-ericeira-and-mafra\/#primaryimage","url":"https:\/\/www.ericeiramag.pt\/wp-content\/uploads\/2020\/12\/Natal-ph.-C\u00e2mara-Municipal-de-Mafra-2-e1607016148537.jpg","contentUrl":"https:\/\/www.ericeiramag.pt\/wp-content\/uploads\/2020\/12\/Natal-ph.-C\u00e2mara-Municipal-de-Mafra-2-e1607016148537.jpg","width":1050,"height":700},{"@type":"WebSite","@id":"https:\/\/www.ericeiramag.pt\/#website","url":"https:\/\/www.ericeiramag.pt\/","name":"AZUL-ERICEIRA MAG | O melhor da Ericeira","description":"","publisher":{"@id":"https:\/\/www.ericeiramag.pt\/#organization"},"potentialAction":[{"@type":"SearchAction","target":{"@type":"EntryPoint","urlTemplate":"https:\/\/www.ericeiramag.pt\/?s={search_term_string}"},"query-input":{"@type":"PropertyValueSpecification","valueRequired":true,"valueName":"search_term_string"}}],"inLanguage":"en-US"},{"@type":"Organization","@id":"https:\/\/www.ericeiramag.pt\/#organization","name":"AZUL-ERICEIRA MAG | O melhor da Ericeira","url":"https:\/\/www.ericeiramag.pt\/","logo":{"@type":"ImageObject","inLanguage":"en-US","@id":"https:\/\/www.ericeiramag.pt\/#\/schema\/logo\/image\/","url":"https:\/\/www.ericeiramag.pt\/wp-content\/uploads\/2024\/03\/logo-branco.jpg","contentUrl":"https:\/\/www.ericeiramag.pt\/wp-content\/uploads\/2024\/03\/logo-branco.jpg","width":425,"height":283,"caption":"AZUL-ERICEIRA MAG | O melhor da Ericeira"},"image":{"@id":"https:\/\/www.ericeiramag.pt\/#\/schema\/logo\/image\/"},"sameAs":["https:\/\/www.facebook.com\/AZULericeiramag\/"]},{"@type":"Person","@id":"https:\/\/www.ericeiramag.pt\/#\/schema\/person\/772d0d7a332d2692f98da11f88677afd","name":"Rodrigo Williams","image":{"@type":"ImageObject","inLanguage":"en-US","@id":"https:\/\/www.ericeiramag.pt\/#\/schema\/person\/image\/","url":"https:\/\/secure.gravatar.com\/avatar\/b16e30836a09217884aa48b130989330?s=96&d=mm&r=g","contentUrl":"https:\/\/secure.gravatar.com\/avatar\/b16e30836a09217884aa48b130989330?s=96&d=mm&r=g","caption":"Rodrigo Williams"},"url":"https:\/\/www.ericeiramag.pt\/en"}]}},"_links":{"self":[{"href":"https:\/\/www.ericeiramag.pt\/en\/wp-json\/wp\/v2\/posts\/51967"}],"collection":[{"href":"https:\/\/www.ericeiramag.pt\/en\/wp-json\/wp\/v2\/posts"}],"about":[{"href":"https:\/\/www.ericeiramag.pt\/en\/wp-json\/wp\/v2\/types\/post"}],"author":[{"embeddable":true,"href":"https:\/\/www.ericeiramag.pt\/en\/wp-json\/wp\/v2\/users\/14"}],"replies":[{"embeddable":true,"href":"https:\/\/www.ericeiramag.pt\/en\/wp-json\/wp\/v2\/comments?post=51967"}],"version-history":[{"count":0,"href":"https:\/\/www.ericeiramag.pt\/en\/wp-json\/wp\/v2\/posts\/51967\/revisions"}],"wp:featuredmedia":[{"embeddable":true,"href":"https:\/\/www.ericeiramag.pt\/en\/wp-json\/wp\/v2\/media\/41023"}],"wp:attachment":[{"href":"https:\/\/www.ericeiramag.pt\/en\/wp-json\/wp\/v2\/media?parent=51967"}],"wp:term":[{"taxonomy":"category","embeddable":true,"href":"https:\/\/www.ericeiramag.pt\/en\/wp-json\/wp\/v2\/categories?post=51967"},{"taxonomy":"post_tag","embeddable":true,"href":"https:\/\/www.ericeiramag.pt\/en\/wp-json\/wp\/v2\/tags?post=51967"}],"curies":[{"name":"wp","href":"https:\/\/api.w.org\/{rel}","templated":true}]}}