{"id":51534,"date":"2022-11-09T00:01:32","date_gmt":"2022-11-09T00:01:32","guid":{"rendered":"https:\/\/www.ericeiramag.pt\/?p=51534\/"},"modified":"2022-10-31T09:49:06","modified_gmt":"2022-10-31T09:49:06","slug":"forbes-magazine-mentions-ericeira-as-the-next-trendy-slow-travel-destination","status":"publish","type":"post","link":"https:\/\/www.ericeiramag.pt\/en\/forbes-magazine-mentions-ericeira-as-the-next-trendy-slow-travel-destination\/","title":{"rendered":"Forbes Magazine mentions Ericeira as \u201cthe next trendy slow travel destination\u201d"},"content":{"rendered":"<p>&nbsp;<\/p>\n<p><strong>Photography:<\/strong> RR<\/p>\n<p>&nbsp;<\/p>\n<p>Recently, Forbes magazine&#8217;s website, a famous North American publication dedicated to business and economy, published an article entitled &#8220;Portugal\u2019s next great beach vacation destination: Ericeira&#8221;<\/p>\n<p>Although not exactly a new discovery, Ericeira has been on the radar of many tourists and new residents for some time now, a trend that has been increasing in recent years due to the beaches and waves that make up the World Surfing Reserve, the landscapes and the unique atmosphere provided by the village.<\/p>\n<blockquote><p><em>stylish design, quality materials and good food, but without the glamour or the need to see and be seen.<\/em><\/p><\/blockquote>\n<p>Forbes, in addition to the worldwide recognition, also brings new lights to those who do not know this \u201cparadise\u201d. Author Ann Abel considers Ericeira a perfect place for all levels of surfing, mentioning the importance of the World Surfing Reserve, which is no longer the only one in Europe \u2013 contrary to what has been mentioned in this article \u2013 since North Devon, in the United Kingdom, joined the list of World Surfing Reserves: \u201cIts waves are more accessible than the gigantic ones up the coast at Nazar\u00e9, but reliably interesting for a wide range of skill levels, which is why it\u2019s Europe\u2019s only \u201csurf reserve\u201d [sic], can be read in the text.<\/p>\n<p>In the article, the author begins by presenting this small coastal corner of the Atlantic Ocean, introducing how the village came to become what we know today, by offering more than just surfing: \u201cthe town itself retains a lot of the charm of the fishing village that it once was, its services have tended toward hostels, surf schools and caf\u00e9s serving a\u00e7a\u00ed and quinoa bowls&#8221;, in order to present a brief overview of what a new visitor can expect.<\/p>\n<p><a href=\"https:\/\/www.ericeiramag.pt\/wp-content\/uploads\/2019\/06\/Praia-dos-Pescadores-ph.-Rui-Dias.jpg\"><img loading=\"lazy\" decoding=\"async\" class=\"alignnone size-full wp-image-33930 colorbox-51534\" src=\"https:\/\/www.ericeiramag.pt\/wp-content\/uploads\/2019\/06\/Praia-dos-Pescadores-ph.-Rui-Dias.jpg\" alt=\"\" width=\"960\" height=\"540\" srcset=\"https:\/\/www.ericeiramag.pt\/wp-content\/uploads\/2019\/06\/Praia-dos-Pescadores-ph.-Rui-Dias.jpg 960w, https:\/\/www.ericeiramag.pt\/wp-content\/uploads\/2019\/06\/Praia-dos-Pescadores-ph.-Rui-Dias-300x169.jpg 300w, https:\/\/www.ericeiramag.pt\/wp-content\/uploads\/2019\/06\/Praia-dos-Pescadores-ph.-Rui-Dias-768x432.jpg 768w, https:\/\/www.ericeiramag.pt\/wp-content\/uploads\/2019\/06\/Praia-dos-Pescadores-ph.-Rui-Dias-600x338.jpg 600w\" sizes=\"(max-width: 960px) 100vw, 960px\" \/><\/a><\/p>\n<p>Ann Abel Abel also addresses Ericeira\u2019s unique identity, highlighting the village as a \u201cslow travel\u201d destination \u2013 a place to enjoy every second, surrounded by nature and where, in addition to the beaches, it is suitable for visitors who appreciate \u201cstylish design, quality materials and good food\u201d, all this very close to the Portuguese capital.<\/p>\n<p>You can read the original article in full <a href=\"https:\/\/www.forbes.com\/sites\/annabel\/2022\/09\/05\/portugals-next-great-beach-vacation-destination-ericeira\/?sh=3db30d8f62d1\" target=\"_blank\" rel=\"noopener noreferrer\">here<\/a>.<\/p>\n<!-- AddThis Advanced Settings generic via filter on the_content --><!-- AddThis Share Buttons generic via filter on the_content -->","protected":false},"excerpt":{"rendered":"<p>The village and surrounding region are increasingly on the radar of tourists and new residents.<!-- AddThis Advanced Settings generic via filter on get_the_excerpt --><!-- AddThis Share Buttons generic via filter on get_the_excerpt --><\/p>\n","protected":false},"author":14,"featured_media":50846,"comment_status":"closed","ping_status":"closed","sticky":false,"template":"","format":"standard","meta":{"_monsterinsights_skip_tracking":false,"_monsterinsights_sitenote_active":false,"_monsterinsights_sitenote_note":"","_monsterinsights_sitenote_category":0,"footnotes":""},"categories":[70],"tags":[],"class_list":["post-51534","post","type-post","status-publish","format-standard","has-post-thumbnail","hentry","category-society"],"yoast_head":"<!-- This site is optimized with the Yoast SEO plugin v25.5 - https:\/\/yoast.com\/wordpress\/plugins\/seo\/ -->\n<title>Forbes Magazine mentions Ericeira as \u201cthe next trendy slow travel destination\u201d - AZUL-ERICEIRA MAG | O melhor da Ericeira<\/title>\n<meta name=\"robots\" content=\"index, follow, max-snippet:-1, max-image-preview:large, max-video-preview:-1\" \/>\n<link rel=\"canonical\" href=\"https:\/\/www.ericeiramag.pt\/en\/forbes-magazine-mentions-ericeira-as-the-next-trendy-slow-travel-destination\/\" \/>\n<meta property=\"og:locale\" content=\"en_US\" \/>\n<meta property=\"og:type\" content=\"article\" \/>\n<meta property=\"og:title\" content=\"Forbes Magazine mentions Ericeira as \u201cthe next trendy slow travel destination\u201d - AZUL-ERICEIRA MAG | O melhor da Ericeira\" \/>\n<meta property=\"og:description\" content=\"The village and surrounding region are increasingly on the radar of tourists and new residents.\" \/>\n<meta property=\"og:url\" content=\"https:\/\/www.ericeiramag.pt\/en\/forbes-magazine-mentions-ericeira-as-the-next-trendy-slow-travel-destination\/\" \/>\n<meta property=\"og:site_name\" content=\"AZUL-ERICEIRA MAG | O melhor da Ericeira\" \/>\n<meta property=\"article:publisher\" content=\"https:\/\/www.facebook.com\/AZULericeiramag\/\" \/>\n<meta property=\"article:published_time\" content=\"2022-11-09T00:01:32+00:00\" \/>\n<meta property=\"og:image\" content=\"https:\/\/www.ericeiramag.pt\/wp-content\/uploads\/2022\/09\/Untitled.png\" \/>\n\t<meta property=\"og:image:width\" content=\"1050\" \/>\n\t<meta property=\"og:image:height\" content=\"534\" \/>\n\t<meta property=\"og:image:type\" content=\"image\/png\" \/>\n<meta name=\"author\" content=\"Rodrigo Williams\" \/>\n<meta name=\"twitter:label1\" content=\"Written by\" \/>\n\t<meta name=\"twitter:data1\" content=\"Rodrigo Williams\" \/>\n\t<meta name=\"twitter:label2\" content=\"Est. reading time\" \/>\n\t<meta name=\"twitter:data2\" content=\"2 minutes\" \/>\n<script type=\"application\/ld+json\" class=\"yoast-schema-graph\">{\"@context\":\"https:\/\/schema.org\",\"@graph\":[{\"@type\":\"Article\",\"@id\":\"https:\/\/www.ericeiramag.pt\/en\/forbes-magazine-mentions-ericeira-as-the-next-trendy-slow-travel-destination\/#article\",\"isPartOf\":{\"@id\":\"https:\/\/www.ericeiramag.pt\/en\/forbes-magazine-mentions-ericeira-as-the-next-trendy-slow-travel-destination\/\"},\"author\":{\"name\":\"Rodrigo Williams\",\"@id\":\"https:\/\/www.ericeiramag.pt\/#\/schema\/person\/772d0d7a332d2692f98da11f88677afd\"},\"headline\":\"Forbes Magazine mentions Ericeira as \u201cthe next trendy slow travel destination\u201d\",\"datePublished\":\"2022-11-09T00:01:32+00:00\",\"mainEntityOfPage\":{\"@id\":\"https:\/\/www.ericeiramag.pt\/en\/forbes-magazine-mentions-ericeira-as-the-next-trendy-slow-travel-destination\/\"},\"wordCount\":372,\"publisher\":{\"@id\":\"https:\/\/www.ericeiramag.pt\/#organization\"},\"image\":{\"@id\":\"https:\/\/www.ericeiramag.pt\/en\/forbes-magazine-mentions-ericeira-as-the-next-trendy-slow-travel-destination\/#primaryimage\"},\"thumbnailUrl\":\"https:\/\/www.ericeiramag.pt\/wp-content\/uploads\/2022\/09\/Untitled.png\",\"articleSection\":[\"society\"],\"inLanguage\":\"en-US\"},{\"@type\":\"WebPage\",\"@id\":\"https:\/\/www.ericeiramag.pt\/en\/forbes-magazine-mentions-ericeira-as-the-next-trendy-slow-travel-destination\/\",\"url\":\"https:\/\/www.ericeiramag.pt\/en\/forbes-magazine-mentions-ericeira-as-the-next-trendy-slow-travel-destination\/\",\"name\":\"Forbes Magazine mentions Ericeira as \u201cthe next trendy slow travel destination\u201d - AZUL-ERICEIRA MAG | O melhor da Ericeira\",\"isPartOf\":{\"@id\":\"https:\/\/www.ericeiramag.pt\/#website\"},\"primaryImageOfPage\":{\"@id\":\"https:\/\/www.ericeiramag.pt\/en\/forbes-magazine-mentions-ericeira-as-the-next-trendy-slow-travel-destination\/#primaryimage\"},\"image\":{\"@id\":\"https:\/\/www.ericeiramag.pt\/en\/forbes-magazine-mentions-ericeira-as-the-next-trendy-slow-travel-destination\/#primaryimage\"},\"thumbnailUrl\":\"https:\/\/www.ericeiramag.pt\/wp-content\/uploads\/2022\/09\/Untitled.png\",\"datePublished\":\"2022-11-09T00:01:32+00:00\",\"inLanguage\":\"en-US\",\"potentialAction\":[{\"@type\":\"ReadAction\",\"target\":[\"https:\/\/www.ericeiramag.pt\/en\/forbes-magazine-mentions-ericeira-as-the-next-trendy-slow-travel-destination\/\"]}]},{\"@type\":\"ImageObject\",\"inLanguage\":\"en-US\",\"@id\":\"https:\/\/www.ericeiramag.pt\/en\/forbes-magazine-mentions-ericeira-as-the-next-trendy-slow-travel-destination\/#primaryimage\",\"url\":\"https:\/\/www.ericeiramag.pt\/wp-content\/uploads\/2022\/09\/Untitled.png\",\"contentUrl\":\"https:\/\/www.ericeiramag.pt\/wp-content\/uploads\/2022\/09\/Untitled.png\",\"width\":1050,\"height\":534},{\"@type\":\"WebSite\",\"@id\":\"https:\/\/www.ericeiramag.pt\/#website\",\"url\":\"https:\/\/www.ericeiramag.pt\/\",\"name\":\"AZUL-ERICEIRA MAG | O melhor da Ericeira\",\"description\":\"\",\"publisher\":{\"@id\":\"https:\/\/www.ericeiramag.pt\/#organization\"},\"potentialAction\":[{\"@type\":\"SearchAction\",\"target\":{\"@type\":\"EntryPoint\",\"urlTemplate\":\"https:\/\/www.ericeiramag.pt\/?s={search_term_string}\"},\"query-input\":{\"@type\":\"PropertyValueSpecification\",\"valueRequired\":true,\"valueName\":\"search_term_string\"}}],\"inLanguage\":\"en-US\"},{\"@type\":\"Organization\",\"@id\":\"https:\/\/www.ericeiramag.pt\/#organization\",\"name\":\"AZUL-ERICEIRA MAG | O melhor da Ericeira\",\"url\":\"https:\/\/www.ericeiramag.pt\/\",\"logo\":{\"@type\":\"ImageObject\",\"inLanguage\":\"en-US\",\"@id\":\"https:\/\/www.ericeiramag.pt\/#\/schema\/logo\/image\/\",\"url\":\"https:\/\/www.ericeiramag.pt\/wp-content\/uploads\/2024\/03\/logo-branco.jpg\",\"contentUrl\":\"https:\/\/www.ericeiramag.pt\/wp-content\/uploads\/2024\/03\/logo-branco.jpg\",\"width\":425,\"height\":283,\"caption\":\"AZUL-ERICEIRA MAG | O melhor da Ericeira\"},\"image\":{\"@id\":\"https:\/\/www.ericeiramag.pt\/#\/schema\/logo\/image\/\"},\"sameAs\":[\"https:\/\/www.facebook.com\/AZULericeiramag\/\"]},{\"@type\":\"Person\",\"@id\":\"https:\/\/www.ericeiramag.pt\/#\/schema\/person\/772d0d7a332d2692f98da11f88677afd\",\"name\":\"Rodrigo Williams\",\"image\":{\"@type\":\"ImageObject\",\"inLanguage\":\"en-US\",\"@id\":\"https:\/\/www.ericeiramag.pt\/#\/schema\/person\/image\/\",\"url\":\"https:\/\/secure.gravatar.com\/avatar\/b16e30836a09217884aa48b130989330?s=96&d=mm&r=g\",\"contentUrl\":\"https:\/\/secure.gravatar.com\/avatar\/b16e30836a09217884aa48b130989330?s=96&d=mm&r=g\",\"caption\":\"Rodrigo Williams\"},\"url\":\"https:\/\/www.ericeiramag.pt\/en\"}]}<\/script>\n<!-- \/ Yoast SEO plugin. -->","yoast_head_json":{"title":"Forbes Magazine mentions Ericeira as \u201cthe next trendy slow travel destination\u201d - AZUL-ERICEIRA MAG | O melhor da Ericeira","robots":{"index":"index","follow":"follow","max-snippet":"max-snippet:-1","max-image-preview":"max-image-preview:large","max-video-preview":"max-video-preview:-1"},"canonical":"https:\/\/www.ericeiramag.pt\/en\/forbes-magazine-mentions-ericeira-as-the-next-trendy-slow-travel-destination\/","og_locale":"en_US","og_type":"article","og_title":"Forbes Magazine mentions Ericeira as \u201cthe next trendy slow travel destination\u201d - AZUL-ERICEIRA MAG | O melhor da Ericeira","og_description":"The village and surrounding region are increasingly on the radar of tourists and new residents.","og_url":"https:\/\/www.ericeiramag.pt\/en\/forbes-magazine-mentions-ericeira-as-the-next-trendy-slow-travel-destination\/","og_site_name":"AZUL-ERICEIRA MAG | O melhor da Ericeira","article_publisher":"https:\/\/www.facebook.com\/AZULericeiramag\/","article_published_time":"2022-11-09T00:01:32+00:00","og_image":[{"width":1050,"height":534,"url":"https:\/\/www.ericeiramag.pt\/wp-content\/uploads\/2022\/09\/Untitled.png","type":"image\/png"}],"author":"Rodrigo Williams","twitter_misc":{"Written by":"Rodrigo Williams","Est. reading time":"2 minutes"},"schema":{"@context":"https:\/\/schema.org","@graph":[{"@type":"Article","@id":"https:\/\/www.ericeiramag.pt\/en\/forbes-magazine-mentions-ericeira-as-the-next-trendy-slow-travel-destination\/#article","isPartOf":{"@id":"https:\/\/www.ericeiramag.pt\/en\/forbes-magazine-mentions-ericeira-as-the-next-trendy-slow-travel-destination\/"},"author":{"name":"Rodrigo Williams","@id":"https:\/\/www.ericeiramag.pt\/#\/schema\/person\/772d0d7a332d2692f98da11f88677afd"},"headline":"Forbes Magazine mentions Ericeira as \u201cthe next trendy slow travel destination\u201d","datePublished":"2022-11-09T00:01:32+00:00","mainEntityOfPage":{"@id":"https:\/\/www.ericeiramag.pt\/en\/forbes-magazine-mentions-ericeira-as-the-next-trendy-slow-travel-destination\/"},"wordCount":372,"publisher":{"@id":"https:\/\/www.ericeiramag.pt\/#organization"},"image":{"@id":"https:\/\/www.ericeiramag.pt\/en\/forbes-magazine-mentions-ericeira-as-the-next-trendy-slow-travel-destination\/#primaryimage"},"thumbnailUrl":"https:\/\/www.ericeiramag.pt\/wp-content\/uploads\/2022\/09\/Untitled.png","articleSection":["society"],"inLanguage":"en-US"},{"@type":"WebPage","@id":"https:\/\/www.ericeiramag.pt\/en\/forbes-magazine-mentions-ericeira-as-the-next-trendy-slow-travel-destination\/","url":"https:\/\/www.ericeiramag.pt\/en\/forbes-magazine-mentions-ericeira-as-the-next-trendy-slow-travel-destination\/","name":"Forbes Magazine mentions Ericeira as \u201cthe next trendy slow travel destination\u201d - AZUL-ERICEIRA MAG | O melhor da Ericeira","isPartOf":{"@id":"https:\/\/www.ericeiramag.pt\/#website"},"primaryImageOfPage":{"@id":"https:\/\/www.ericeiramag.pt\/en\/forbes-magazine-mentions-ericeira-as-the-next-trendy-slow-travel-destination\/#primaryimage"},"image":{"@id":"https:\/\/www.ericeiramag.pt\/en\/forbes-magazine-mentions-ericeira-as-the-next-trendy-slow-travel-destination\/#primaryimage"},"thumbnailUrl":"https:\/\/www.ericeiramag.pt\/wp-content\/uploads\/2022\/09\/Untitled.png","datePublished":"2022-11-09T00:01:32+00:00","inLanguage":"en-US","potentialAction":[{"@type":"ReadAction","target":["https:\/\/www.ericeiramag.pt\/en\/forbes-magazine-mentions-ericeira-as-the-next-trendy-slow-travel-destination\/"]}]},{"@type":"ImageObject","inLanguage":"en-US","@id":"https:\/\/www.ericeiramag.pt\/en\/forbes-magazine-mentions-ericeira-as-the-next-trendy-slow-travel-destination\/#primaryimage","url":"https:\/\/www.ericeiramag.pt\/wp-content\/uploads\/2022\/09\/Untitled.png","contentUrl":"https:\/\/www.ericeiramag.pt\/wp-content\/uploads\/2022\/09\/Untitled.png","width":1050,"height":534},{"@type":"WebSite","@id":"https:\/\/www.ericeiramag.pt\/#website","url":"https:\/\/www.ericeiramag.pt\/","name":"AZUL-ERICEIRA MAG | O melhor da Ericeira","description":"","publisher":{"@id":"https:\/\/www.ericeiramag.pt\/#organization"},"potentialAction":[{"@type":"SearchAction","target":{"@type":"EntryPoint","urlTemplate":"https:\/\/www.ericeiramag.pt\/?s={search_term_string}"},"query-input":{"@type":"PropertyValueSpecification","valueRequired":true,"valueName":"search_term_string"}}],"inLanguage":"en-US"},{"@type":"Organization","@id":"https:\/\/www.ericeiramag.pt\/#organization","name":"AZUL-ERICEIRA MAG | O melhor da Ericeira","url":"https:\/\/www.ericeiramag.pt\/","logo":{"@type":"ImageObject","inLanguage":"en-US","@id":"https:\/\/www.ericeiramag.pt\/#\/schema\/logo\/image\/","url":"https:\/\/www.ericeiramag.pt\/wp-content\/uploads\/2024\/03\/logo-branco.jpg","contentUrl":"https:\/\/www.ericeiramag.pt\/wp-content\/uploads\/2024\/03\/logo-branco.jpg","width":425,"height":283,"caption":"AZUL-ERICEIRA MAG | O melhor da Ericeira"},"image":{"@id":"https:\/\/www.ericeiramag.pt\/#\/schema\/logo\/image\/"},"sameAs":["https:\/\/www.facebook.com\/AZULericeiramag\/"]},{"@type":"Person","@id":"https:\/\/www.ericeiramag.pt\/#\/schema\/person\/772d0d7a332d2692f98da11f88677afd","name":"Rodrigo Williams","image":{"@type":"ImageObject","inLanguage":"en-US","@id":"https:\/\/www.ericeiramag.pt\/#\/schema\/person\/image\/","url":"https:\/\/secure.gravatar.com\/avatar\/b16e30836a09217884aa48b130989330?s=96&d=mm&r=g","contentUrl":"https:\/\/secure.gravatar.com\/avatar\/b16e30836a09217884aa48b130989330?s=96&d=mm&r=g","caption":"Rodrigo Williams"},"url":"https:\/\/www.ericeiramag.pt\/en"}]}},"_links":{"self":[{"href":"https:\/\/www.ericeiramag.pt\/en\/wp-json\/wp\/v2\/posts\/51534"}],"collection":[{"href":"https:\/\/www.ericeiramag.pt\/en\/wp-json\/wp\/v2\/posts"}],"about":[{"href":"https:\/\/www.ericeiramag.pt\/en\/wp-json\/wp\/v2\/types\/post"}],"author":[{"embeddable":true,"href":"https:\/\/www.ericeiramag.pt\/en\/wp-json\/wp\/v2\/users\/14"}],"replies":[{"embeddable":true,"href":"https:\/\/www.ericeiramag.pt\/en\/wp-json\/wp\/v2\/comments?post=51534"}],"version-history":[{"count":0,"href":"https:\/\/www.ericeiramag.pt\/en\/wp-json\/wp\/v2\/posts\/51534\/revisions"}],"wp:featuredmedia":[{"embeddable":true,"href":"https:\/\/www.ericeiramag.pt\/en\/wp-json\/wp\/v2\/media\/50846"}],"wp:attachment":[{"href":"https:\/\/www.ericeiramag.pt\/en\/wp-json\/wp\/v2\/media?parent=51534"}],"wp:term":[{"taxonomy":"category","embeddable":true,"href":"https:\/\/www.ericeiramag.pt\/en\/wp-json\/wp\/v2\/categories?post=51534"},{"taxonomy":"post_tag","embeddable":true,"href":"https:\/\/www.ericeiramag.pt\/en\/wp-json\/wp\/v2\/tags?post=51534"}],"curies":[{"name":"wp","href":"https:\/\/api.w.org\/{rel}","templated":true}]}}