{"id":49089,"date":"2022-04-21T00:01:47","date_gmt":"2022-04-20T23:01:47","guid":{"rendered":"https:\/\/www.ericeiramag.pt\/?p=49089\/"},"modified":"2022-04-19T10:05:53","modified_gmt":"2022-04-19T09:05:53","slug":"understage-fest-will-rock-achada","status":"publish","type":"post","link":"https:\/\/www.ericeiramag.pt\/en\/understage-fest-will-rock-achada\/","title":{"rendered":"Understage Fest will rock Achada"},"content":{"rendered":"<p>&nbsp;<\/p>\n<p><strong>Photography:<\/strong>\u00a0RR<\/p>\n<p>&nbsp;<\/p>\n<p>On Saturday, April 23, the Achada Festival venue will host the Understage Fest, an initiative by Under Stage Studio with the support of Achada&#8217;s\u00a0Sports and Recreation Association (Associa\u00e7\u00e3o Desportiva e Recreativa da Achada).<\/p>\n<p>More than a festival, this event aims to share art and music, with a variety of local artists as protagonists.<\/p>\n<blockquote><p><em>Melodraw, Beatriz &amp; Miguel, Electric Feel, Kadeirado, Tones of Rock and Project Freeman<\/em><\/p><\/blockquote>\n<p>At the festival venue, there will be a space for tattoos (with Wild Hat \u2013 Art Studio), merchandising sales, as well as food and drinks, creating the conditions for a fun night, with music and friends. The event will be held in the interior of the venue &#8211; where the respective restaurant is usually located -, which will present a creative decoration.<\/p>\n<p>The live music will be in charge of names such as Melodraw (Alternative Rock), Beatriz &amp; Miguel (Pop Rock\/Portuguese Music), Electric Feel (Pop Rock), Kadeirado (Hip Hop\/Comedy), Tones of Rock (Glam Rock) and Project Freeman (Indie Rock\/Singer-Songwriter), but many surprises and special guests are also expected!<\/p>\n<p>After the concerts, there will also be DJ Sets by Charles Ant\u00f3nio, Thunder F\u00e9lix, Miguel Sim\u00f5es and Marco Arm\u00e9s.<\/p>\n<p><a href=\"https:\/\/www.ericeiramag.pt\/wp-content\/uploads\/2022\/04\/LOGOIG.png\"><img loading=\"lazy\" decoding=\"async\" class=\"alignnone size-full wp-image-49040 colorbox-49089\" src=\"https:\/\/www.ericeiramag.pt\/wp-content\/uploads\/2022\/04\/LOGOIG.png\" alt=\"\" width=\"1000\" height=\"1000\" srcset=\"https:\/\/www.ericeiramag.pt\/wp-content\/uploads\/2022\/04\/LOGOIG.png 1000w, https:\/\/www.ericeiramag.pt\/wp-content\/uploads\/2022\/04\/LOGOIG-300x300.png 300w, https:\/\/www.ericeiramag.pt\/wp-content\/uploads\/2022\/04\/LOGOIG-150x150.png 150w, https:\/\/www.ericeiramag.pt\/wp-content\/uploads\/2022\/04\/LOGOIG-768x768.png 768w, https:\/\/www.ericeiramag.pt\/wp-content\/uploads\/2022\/04\/LOGOIG-600x600.png 600w, https:\/\/www.ericeiramag.pt\/wp-content\/uploads\/2022\/04\/LOGOIG-580x580.png 580w\" sizes=\"(max-width: 1000px) 100vw, 1000px\" \/><\/a><\/p>\n<p>The entry is free and doors will open at 6 pm, with the bands&#8217; live performances starting at 8 pm, so it will be possible to hear the first chords in the company of a pork sadwich and a beer.<\/p>\n<p>Get to know a little about who will step on the Understage Fest stage:<\/p>\n<p><strong>MELODRAW<\/strong><\/p>\n<div class=\"page\" title=\"Page 1\">\n<div class=\"layoutArea\">\n<div class=\"column\">\n<p>After the pandemic forced everything into a halt, Melodraw took the chance to enter a new chapter of their history. The decision to refine their creative processes and improve their way of making new songs joined forces with their new melodies to deliver a fresh sound and energy, giving the band a &#8220;new life&#8221;. The composition of new tracks allowed them to improve their way of working, which reflects in their reinvigorated live performances. The new songs will be released during 2022 as singles, and performed live along earlier songs, in a perfect symbiosis between primal rock music and good vibes.<\/p>\n<\/div>\n<\/div>\n<\/div>\n<p><iframe loading=\"lazy\" title=\"Melodraw | God&#039;s Evolution (Live at Namouche Studios)\" width=\"690\" height=\"388\" src=\"https:\/\/www.youtube.com\/embed\/-m4MpQ2Xq7s?feature=oembed\" frameborder=\"0\" allow=\"accelerometer; autoplay; clipboard-write; encrypted-media; gyroscope; picture-in-picture\" allowfullscreen><\/iframe><\/p>\n<p><a href=\"https:\/\/www.ericeiramag.pt\/wp-content\/uploads\/2022\/04\/KADEIRADO_ENG-e1649944467483.png\"><img loading=\"lazy\" decoding=\"async\" class=\"alignnone size-full wp-image-49043 colorbox-49089\" src=\"https:\/\/www.ericeiramag.pt\/wp-content\/uploads\/2022\/04\/KADEIRADO_ENG-e1649944467483.png\" alt=\"\" width=\"1050\" height=\"1050\" \/><\/a><\/p>\n<p><strong>KADEIRADO<\/strong><\/p>\n<div class=\"page\" title=\"Page 1\">\n<div class=\"layoutArea\">\n<div class=\"column\">\n<p>Kadeirado blends comedy, tragedy and hip-hop in a smorgasbord of self- improvement. He&#8217;ll pour his heart and soul in Achada, in the hope that the promoters give him barbecue chicken for dinner.<\/p>\n<\/div>\n<\/div>\n<\/div>\n<p><a href=\"https:\/\/www.ericeiramag.pt\/wp-content\/uploads\/2022\/04\/tones-of-rock-e1649944420905.jpg\"><img loading=\"lazy\" decoding=\"async\" class=\"alignnone size-full wp-image-49042 colorbox-49089\" src=\"https:\/\/www.ericeiramag.pt\/wp-content\/uploads\/2022\/04\/tones-of-rock-e1649944420905.jpg\" alt=\"\" width=\"1050\" height=\"1050\" \/><\/a><\/p>\n<p><strong>TONES OF ROCK<\/strong><\/p>\n<div class=\"page\" title=\"Page 2\">\n<div class=\"layoutArea\">\n<div class=\"column\">\n<p>Tones of Rock are a Portuguese Glam Metal &amp; Hard Rock band formed in 2009 in Mafra. They presently comprise Francis Venus (vocals), Danny Shred (guitar), Rick Madison (bass) and Dylan Krash (drums). Known as one of the bands representing the New Wave of Glam Metal in Portugal, Tones of Rock quickly garnered the attention of the audience with their extravagance, sensuality and fierce performance on stage.<\/p>\n<\/div>\n<\/div>\n<\/div>\n<p><strong>BEATRIZ &amp; MIGUEL<\/strong><\/p>\n<div class=\"page\" title=\"Page 2\">\n<div class=\"layoutArea\">\n<div class=\"column\">\n<p>The project Beatriz &amp; Miguel, focused on Portuguese music, would have never come about if not for the pandemic. Unable to play live music and with a greater number of people, the former duo decided to record some songs on the balcony and share them in the social media. Since then, the project took on other proportions and new members, allowing also for the emergence of their first original songs faithful to their influences.<\/p>\n<\/div>\n<\/div>\n<\/div>\n<p><a href=\"https:\/\/www.ericeiramag.pt\/wp-content\/uploads\/2022\/04\/BEATRIZ-MIGUEL_ENG-e1649944351332.png\"><img loading=\"lazy\" decoding=\"async\" class=\"alignnone size-full wp-image-49041 colorbox-49089\" src=\"https:\/\/www.ericeiramag.pt\/wp-content\/uploads\/2022\/04\/BEATRIZ-MIGUEL_ENG-e1649944351332.png\" alt=\"\" width=\"1050\" height=\"1050\" \/><\/a><\/p>\n<p><strong>ELECTRIC FEEL<\/strong><\/p>\n<div class=\"page\" title=\"Page 2\">\n<div class=\"layoutArea\">\n<div class=\"column\">\n<p>Electric Feel want to bring joy and make people have fun wherever they go. Composed of five members, the band promises a concert full of contemporary music and great classics that will make everybody sing.<\/p>\n<\/div>\n<\/div>\n<\/div>\n<p><strong>PROJECT FREEMAN<\/strong><\/p>\n<p>Project Freeman is the work of Litmus A Freeman, known to most people in the region simply as \u201cFreeman\u201d. Freeman started to \u201cwake up\u201d in the early 90s while working in the energy industry, eventually resigning in 2004, creating Project Freeman in 2008 and hitting the road in 2010 in his campervan, taking music to many places in Europe. west for the next decade. Project Freeman explores what it calls \u201cThe Homecoming\u201d, the path taken between being a slave to the system and becoming one with your true spiritual self. He composed many songs about this journey, which became the \u201cMusic of Project Freeman\u201d, and through which he shares his experiences of liberation of Body, Mind and Spirit.\u201d<\/p>\n<p><a href=\"https:\/\/www.ericeiramag.pt\/wp-content\/uploads\/2022\/04\/project-freeman.jpg\"><img loading=\"lazy\" decoding=\"async\" class=\"alignnone size-full wp-image-49050 colorbox-49089\" src=\"https:\/\/www.ericeiramag.pt\/wp-content\/uploads\/2022\/04\/project-freeman.jpg\" alt=\"\" width=\"1050\" height=\"1050\" srcset=\"https:\/\/www.ericeiramag.pt\/wp-content\/uploads\/2022\/04\/project-freeman.jpg 1050w, https:\/\/www.ericeiramag.pt\/wp-content\/uploads\/2022\/04\/project-freeman-300x300.jpg 300w, https:\/\/www.ericeiramag.pt\/wp-content\/uploads\/2022\/04\/project-freeman-1024x1024.jpg 1024w, https:\/\/www.ericeiramag.pt\/wp-content\/uploads\/2022\/04\/project-freeman-150x150.jpg 150w, https:\/\/www.ericeiramag.pt\/wp-content\/uploads\/2022\/04\/project-freeman-768x768.jpg 768w, https:\/\/www.ericeiramag.pt\/wp-content\/uploads\/2022\/04\/project-freeman-600x600.jpg 600w, https:\/\/www.ericeiramag.pt\/wp-content\/uploads\/2022\/04\/project-freeman-580x580.jpg 580w\" sizes=\"(max-width: 1050px) 100vw, 1050px\" \/><\/a><\/p>\n<p>Halfway between Ericeira and Mafra, Achada has already accustomed us to events full of charisma and excellent music, so expectations for the Understage Fest are high.<\/p>\n<!-- AddThis Advanced Settings generic via filter on the_content --><!-- AddThis Share Buttons generic via filter on the_content -->","protected":false},"excerpt":{"rendered":"<p>Musical and artistic event is promoted by Under Stage Studio, with the support of the local Sports and Recreation Association.<!-- AddThis Advanced Settings generic via filter on get_the_excerpt --><!-- AddThis Share Buttons generic via filter on get_the_excerpt --><\/p>\n","protected":false},"author":14,"featured_media":49097,"comment_status":"closed","ping_status":"closed","sticky":false,"template":"","format":"standard","meta":{"_monsterinsights_skip_tracking":false,"_monsterinsights_sitenote_active":false,"_monsterinsights_sitenote_note":"","_monsterinsights_sitenote_category":0,"footnotes":""},"categories":[64],"tags":[],"class_list":["post-49089","post","type-post","status-publish","format-standard","has-post-thumbnail","hentry","category-compass"],"yoast_head":"<!-- This site is optimized with the Yoast SEO plugin v25.5 - https:\/\/yoast.com\/wordpress\/plugins\/seo\/ -->\n<title>Understage Fest will rock Achada - AZUL-ERICEIRA MAG | O melhor da Ericeira<\/title>\n<meta name=\"robots\" content=\"index, follow, max-snippet:-1, max-image-preview:large, max-video-preview:-1\" \/>\n<link rel=\"canonical\" href=\"https:\/\/www.ericeiramag.pt\/understage-fest-vai-agitar-a-achada\/\" \/>\n<meta property=\"og:locale\" content=\"en_US\" \/>\n<meta property=\"og:type\" content=\"article\" \/>\n<meta property=\"og:title\" content=\"Understage Fest will rock Achada - AZUL-ERICEIRA MAG | O melhor da Ericeira\" \/>\n<meta property=\"og:description\" content=\"Musical and artistic event is promoted by Under Stage Studio, with the support of the local Sports and Recreation Association.\" \/>\n<meta property=\"og:url\" content=\"https:\/\/www.ericeiramag.pt\/understage-fest-vai-agitar-a-achada\/\" \/>\n<meta property=\"og:site_name\" content=\"AZUL-ERICEIRA MAG | O melhor da Ericeira\" \/>\n<meta property=\"article:publisher\" content=\"https:\/\/www.facebook.com\/AZULericeiramag\/\" \/>\n<meta property=\"article:published_time\" content=\"2022-04-20T23:01:47+00:00\" \/>\n<meta property=\"og:image\" content=\"https:\/\/www.ericeiramag.pt\/wp-content\/uploads\/2022\/04\/UNDERSTAGEFEST_azulENG.jpg\" \/>\n\t<meta property=\"og:image:width\" content=\"1050\" \/>\n\t<meta property=\"og:image:height\" content=\"742\" \/>\n\t<meta property=\"og:image:type\" content=\"image\/jpeg\" \/>\n<meta name=\"author\" content=\"Rodrigo Williams\" \/>\n<meta name=\"twitter:label1\" content=\"Written by\" \/>\n\t<meta name=\"twitter:data1\" content=\"Rodrigo Williams\" \/>\n\t<meta name=\"twitter:label2\" content=\"Est. reading time\" \/>\n\t<meta name=\"twitter:data2\" content=\"4 minutes\" \/>\n<script type=\"application\/ld+json\" class=\"yoast-schema-graph\">{\"@context\":\"https:\/\/schema.org\",\"@graph\":[{\"@type\":\"Article\",\"@id\":\"https:\/\/www.ericeiramag.pt\/understage-fest-vai-agitar-a-achada\/#article\",\"isPartOf\":{\"@id\":\"https:\/\/www.ericeiramag.pt\/understage-fest-vai-agitar-a-achada\/\"},\"author\":{\"name\":\"Rodrigo Williams\",\"@id\":\"https:\/\/www.ericeiramag.pt\/#\/schema\/person\/772d0d7a332d2692f98da11f88677afd\"},\"headline\":\"Understage Fest will rock Achada\",\"datePublished\":\"2022-04-20T23:01:47+00:00\",\"mainEntityOfPage\":{\"@id\":\"https:\/\/www.ericeiramag.pt\/understage-fest-vai-agitar-a-achada\/\"},\"wordCount\":728,\"publisher\":{\"@id\":\"https:\/\/www.ericeiramag.pt\/#organization\"},\"image\":{\"@id\":\"https:\/\/www.ericeiramag.pt\/understage-fest-vai-agitar-a-achada\/#primaryimage\"},\"thumbnailUrl\":\"https:\/\/www.ericeiramag.pt\/wp-content\/uploads\/2022\/04\/UNDERSTAGEFEST_azulENG.jpg\",\"articleSection\":[\"compass\"],\"inLanguage\":\"en-US\"},{\"@type\":\"WebPage\",\"@id\":\"https:\/\/www.ericeiramag.pt\/understage-fest-vai-agitar-a-achada\/\",\"url\":\"https:\/\/www.ericeiramag.pt\/understage-fest-vai-agitar-a-achada\/\",\"name\":\"Understage Fest will rock Achada - AZUL-ERICEIRA MAG | O melhor da Ericeira\",\"isPartOf\":{\"@id\":\"https:\/\/www.ericeiramag.pt\/#website\"},\"primaryImageOfPage\":{\"@id\":\"https:\/\/www.ericeiramag.pt\/understage-fest-vai-agitar-a-achada\/#primaryimage\"},\"image\":{\"@id\":\"https:\/\/www.ericeiramag.pt\/understage-fest-vai-agitar-a-achada\/#primaryimage\"},\"thumbnailUrl\":\"https:\/\/www.ericeiramag.pt\/wp-content\/uploads\/2022\/04\/UNDERSTAGEFEST_azulENG.jpg\",\"datePublished\":\"2022-04-20T23:01:47+00:00\",\"inLanguage\":\"en-US\",\"potentialAction\":[{\"@type\":\"ReadAction\",\"target\":[\"https:\/\/www.ericeiramag.pt\/understage-fest-vai-agitar-a-achada\/\"]}]},{\"@type\":\"ImageObject\",\"inLanguage\":\"en-US\",\"@id\":\"https:\/\/www.ericeiramag.pt\/understage-fest-vai-agitar-a-achada\/#primaryimage\",\"url\":\"https:\/\/www.ericeiramag.pt\/wp-content\/uploads\/2022\/04\/UNDERSTAGEFEST_azulENG.jpg\",\"contentUrl\":\"https:\/\/www.ericeiramag.pt\/wp-content\/uploads\/2022\/04\/UNDERSTAGEFEST_azulENG.jpg\",\"width\":1050,\"height\":742},{\"@type\":\"WebSite\",\"@id\":\"https:\/\/www.ericeiramag.pt\/#website\",\"url\":\"https:\/\/www.ericeiramag.pt\/\",\"name\":\"AZUL-ERICEIRA MAG | O melhor da Ericeira\",\"description\":\"\",\"publisher\":{\"@id\":\"https:\/\/www.ericeiramag.pt\/#organization\"},\"potentialAction\":[{\"@type\":\"SearchAction\",\"target\":{\"@type\":\"EntryPoint\",\"urlTemplate\":\"https:\/\/www.ericeiramag.pt\/?s={search_term_string}\"},\"query-input\":{\"@type\":\"PropertyValueSpecification\",\"valueRequired\":true,\"valueName\":\"search_term_string\"}}],\"inLanguage\":\"en-US\"},{\"@type\":\"Organization\",\"@id\":\"https:\/\/www.ericeiramag.pt\/#organization\",\"name\":\"AZUL-ERICEIRA MAG | O melhor da Ericeira\",\"url\":\"https:\/\/www.ericeiramag.pt\/\",\"logo\":{\"@type\":\"ImageObject\",\"inLanguage\":\"en-US\",\"@id\":\"https:\/\/www.ericeiramag.pt\/#\/schema\/logo\/image\/\",\"url\":\"https:\/\/www.ericeiramag.pt\/wp-content\/uploads\/2024\/03\/logo-branco.jpg\",\"contentUrl\":\"https:\/\/www.ericeiramag.pt\/wp-content\/uploads\/2024\/03\/logo-branco.jpg\",\"width\":425,\"height\":283,\"caption\":\"AZUL-ERICEIRA MAG | O melhor da Ericeira\"},\"image\":{\"@id\":\"https:\/\/www.ericeiramag.pt\/#\/schema\/logo\/image\/\"},\"sameAs\":[\"https:\/\/www.facebook.com\/AZULericeiramag\/\"]},{\"@type\":\"Person\",\"@id\":\"https:\/\/www.ericeiramag.pt\/#\/schema\/person\/772d0d7a332d2692f98da11f88677afd\",\"name\":\"Rodrigo Williams\",\"image\":{\"@type\":\"ImageObject\",\"inLanguage\":\"en-US\",\"@id\":\"https:\/\/www.ericeiramag.pt\/#\/schema\/person\/image\/\",\"url\":\"https:\/\/secure.gravatar.com\/avatar\/b16e30836a09217884aa48b130989330?s=96&d=mm&r=g\",\"contentUrl\":\"https:\/\/secure.gravatar.com\/avatar\/b16e30836a09217884aa48b130989330?s=96&d=mm&r=g\",\"caption\":\"Rodrigo Williams\"},\"url\":\"https:\/\/www.ericeiramag.pt\/en\"}]}<\/script>\n<!-- \/ Yoast SEO plugin. -->","yoast_head_json":{"title":"Understage Fest will rock Achada - AZUL-ERICEIRA MAG | O melhor da Ericeira","robots":{"index":"index","follow":"follow","max-snippet":"max-snippet:-1","max-image-preview":"max-image-preview:large","max-video-preview":"max-video-preview:-1"},"canonical":"https:\/\/www.ericeiramag.pt\/understage-fest-vai-agitar-a-achada\/","og_locale":"en_US","og_type":"article","og_title":"Understage Fest will rock Achada - AZUL-ERICEIRA MAG | O melhor da Ericeira","og_description":"Musical and artistic event is promoted by Under Stage Studio, with the support of the local Sports and Recreation Association.","og_url":"https:\/\/www.ericeiramag.pt\/understage-fest-vai-agitar-a-achada\/","og_site_name":"AZUL-ERICEIRA MAG | O melhor da Ericeira","article_publisher":"https:\/\/www.facebook.com\/AZULericeiramag\/","article_published_time":"2022-04-20T23:01:47+00:00","og_image":[{"width":1050,"height":742,"url":"https:\/\/www.ericeiramag.pt\/wp-content\/uploads\/2022\/04\/UNDERSTAGEFEST_azulENG.jpg","type":"image\/jpeg"}],"author":"Rodrigo Williams","twitter_misc":{"Written by":"Rodrigo Williams","Est. reading time":"4 minutes"},"schema":{"@context":"https:\/\/schema.org","@graph":[{"@type":"Article","@id":"https:\/\/www.ericeiramag.pt\/understage-fest-vai-agitar-a-achada\/#article","isPartOf":{"@id":"https:\/\/www.ericeiramag.pt\/understage-fest-vai-agitar-a-achada\/"},"author":{"name":"Rodrigo Williams","@id":"https:\/\/www.ericeiramag.pt\/#\/schema\/person\/772d0d7a332d2692f98da11f88677afd"},"headline":"Understage Fest will rock Achada","datePublished":"2022-04-20T23:01:47+00:00","mainEntityOfPage":{"@id":"https:\/\/www.ericeiramag.pt\/understage-fest-vai-agitar-a-achada\/"},"wordCount":728,"publisher":{"@id":"https:\/\/www.ericeiramag.pt\/#organization"},"image":{"@id":"https:\/\/www.ericeiramag.pt\/understage-fest-vai-agitar-a-achada\/#primaryimage"},"thumbnailUrl":"https:\/\/www.ericeiramag.pt\/wp-content\/uploads\/2022\/04\/UNDERSTAGEFEST_azulENG.jpg","articleSection":["compass"],"inLanguage":"en-US"},{"@type":"WebPage","@id":"https:\/\/www.ericeiramag.pt\/understage-fest-vai-agitar-a-achada\/","url":"https:\/\/www.ericeiramag.pt\/understage-fest-vai-agitar-a-achada\/","name":"Understage Fest will rock Achada - AZUL-ERICEIRA MAG | O melhor da Ericeira","isPartOf":{"@id":"https:\/\/www.ericeiramag.pt\/#website"},"primaryImageOfPage":{"@id":"https:\/\/www.ericeiramag.pt\/understage-fest-vai-agitar-a-achada\/#primaryimage"},"image":{"@id":"https:\/\/www.ericeiramag.pt\/understage-fest-vai-agitar-a-achada\/#primaryimage"},"thumbnailUrl":"https:\/\/www.ericeiramag.pt\/wp-content\/uploads\/2022\/04\/UNDERSTAGEFEST_azulENG.jpg","datePublished":"2022-04-20T23:01:47+00:00","inLanguage":"en-US","potentialAction":[{"@type":"ReadAction","target":["https:\/\/www.ericeiramag.pt\/understage-fest-vai-agitar-a-achada\/"]}]},{"@type":"ImageObject","inLanguage":"en-US","@id":"https:\/\/www.ericeiramag.pt\/understage-fest-vai-agitar-a-achada\/#primaryimage","url":"https:\/\/www.ericeiramag.pt\/wp-content\/uploads\/2022\/04\/UNDERSTAGEFEST_azulENG.jpg","contentUrl":"https:\/\/www.ericeiramag.pt\/wp-content\/uploads\/2022\/04\/UNDERSTAGEFEST_azulENG.jpg","width":1050,"height":742},{"@type":"WebSite","@id":"https:\/\/www.ericeiramag.pt\/#website","url":"https:\/\/www.ericeiramag.pt\/","name":"AZUL-ERICEIRA MAG | O melhor da Ericeira","description":"","publisher":{"@id":"https:\/\/www.ericeiramag.pt\/#organization"},"potentialAction":[{"@type":"SearchAction","target":{"@type":"EntryPoint","urlTemplate":"https:\/\/www.ericeiramag.pt\/?s={search_term_string}"},"query-input":{"@type":"PropertyValueSpecification","valueRequired":true,"valueName":"search_term_string"}}],"inLanguage":"en-US"},{"@type":"Organization","@id":"https:\/\/www.ericeiramag.pt\/#organization","name":"AZUL-ERICEIRA MAG | O melhor da Ericeira","url":"https:\/\/www.ericeiramag.pt\/","logo":{"@type":"ImageObject","inLanguage":"en-US","@id":"https:\/\/www.ericeiramag.pt\/#\/schema\/logo\/image\/","url":"https:\/\/www.ericeiramag.pt\/wp-content\/uploads\/2024\/03\/logo-branco.jpg","contentUrl":"https:\/\/www.ericeiramag.pt\/wp-content\/uploads\/2024\/03\/logo-branco.jpg","width":425,"height":283,"caption":"AZUL-ERICEIRA MAG | O melhor da Ericeira"},"image":{"@id":"https:\/\/www.ericeiramag.pt\/#\/schema\/logo\/image\/"},"sameAs":["https:\/\/www.facebook.com\/AZULericeiramag\/"]},{"@type":"Person","@id":"https:\/\/www.ericeiramag.pt\/#\/schema\/person\/772d0d7a332d2692f98da11f88677afd","name":"Rodrigo Williams","image":{"@type":"ImageObject","inLanguage":"en-US","@id":"https:\/\/www.ericeiramag.pt\/#\/schema\/person\/image\/","url":"https:\/\/secure.gravatar.com\/avatar\/b16e30836a09217884aa48b130989330?s=96&d=mm&r=g","contentUrl":"https:\/\/secure.gravatar.com\/avatar\/b16e30836a09217884aa48b130989330?s=96&d=mm&r=g","caption":"Rodrigo Williams"},"url":"https:\/\/www.ericeiramag.pt\/en"}]}},"_links":{"self":[{"href":"https:\/\/www.ericeiramag.pt\/en\/wp-json\/wp\/v2\/posts\/49089"}],"collection":[{"href":"https:\/\/www.ericeiramag.pt\/en\/wp-json\/wp\/v2\/posts"}],"about":[{"href":"https:\/\/www.ericeiramag.pt\/en\/wp-json\/wp\/v2\/types\/post"}],"author":[{"embeddable":true,"href":"https:\/\/www.ericeiramag.pt\/en\/wp-json\/wp\/v2\/users\/14"}],"replies":[{"embeddable":true,"href":"https:\/\/www.ericeiramag.pt\/en\/wp-json\/wp\/v2\/comments?post=49089"}],"version-history":[{"count":0,"href":"https:\/\/www.ericeiramag.pt\/en\/wp-json\/wp\/v2\/posts\/49089\/revisions"}],"wp:featuredmedia":[{"embeddable":true,"href":"https:\/\/www.ericeiramag.pt\/en\/wp-json\/wp\/v2\/media\/49097"}],"wp:attachment":[{"href":"https:\/\/www.ericeiramag.pt\/en\/wp-json\/wp\/v2\/media?parent=49089"}],"wp:term":[{"taxonomy":"category","embeddable":true,"href":"https:\/\/www.ericeiramag.pt\/en\/wp-json\/wp\/v2\/categories?post=49089"},{"taxonomy":"post_tag","embeddable":true,"href":"https:\/\/www.ericeiramag.pt\/en\/wp-json\/wp\/v2\/tags?post=49089"}],"curies":[{"name":"wp","href":"https:\/\/api.w.org\/{rel}","templated":true}]}}