{"id":47705,"date":"2022-02-01T00:01:27","date_gmt":"2022-02-01T00:01:27","guid":{"rendered":"https:\/\/www.ericeiramag.pt\/?p=47705\/"},"modified":"2022-01-31T12:20:13","modified_gmt":"2022-01-31T12:20:13","slug":"exhibition-light-and-colours-of-ericeira-photo-gallery","status":"publish","type":"post","link":"https:\/\/www.ericeiramag.pt\/en\/exhibition-light-and-colours-of-ericeira-photo-gallery\/","title":{"rendered":"Exhibition \u201cLight and Colours of Ericeira\u201d \u2013 photo gallery"},"content":{"rendered":"<p>&nbsp;<\/p>\n<p><strong>Photography:<\/strong> Sergio Pedro Tiago<\/p>\n<p>&nbsp;<\/p>\n<p>Since December 11, 2021, Rua Dr. Eduardo Burnay \u2013 one of the main streets of this fishing village \u2013 has been filled with photographs that portray different perspectives on the best that Ericeira has to offer.<\/p>\n<p>The collective exhibition \u201cLuz e Cores da Ericeira\u201d (Light and Colours of Ericeira) has as its pictographic object the village where the sea is bluer and the coast of the Municipality of Mafra, intending to highlight the touristic aspects of the village and the municipality and, at the same time, get everyone to know and promote the work of 22 local photographers, showing the result that conveys the essence and perspective of each artist.<\/p>\n<p>Participating in this exhibition are Afonso da Costa Lopes, \u00c1lvaro Franco, Ant\u00f3nio Dias, Carlos Ribeiro, Carlos Sousa, C\u00e9sar Scarpa de Medeiros, Eva Santos, Jo\u00e3o Maria Jorge, Jo\u00e3o Quintela, Jo\u00e3o Oliveira da Silva, M. Coutinho, Marco Oliveira, Nuno Vieira \u2013 Bandejas, Nuno Vicente, Pedro Mestre, Rafael G. Antunes, Rui de Medeiros, Rui Jorge Oliveira, S\u00e9rgio de Medeiros, S\u00e9rgio Pedro, Sofia Monteiro and Thomaz Sardinha.<\/p>\n<!-- AddThis Advanced Settings generic via filter on the_content --><!-- AddThis Share Buttons generic via filter on the_content -->","protected":false},"excerpt":{"rendered":"<p>Exhibition portrays different perspectives on what Ericeira has to offer.<!-- AddThis Advanced Settings generic via filter on get_the_excerpt --><!-- AddThis Share Buttons generic via filter on get_the_excerpt --><\/p>\n","protected":false},"author":14,"featured_media":47505,"comment_status":"closed","ping_status":"closed","sticky":false,"template":"","format":"gallery","meta":{"_monsterinsights_skip_tracking":false,"_monsterinsights_sitenote_active":false,"_monsterinsights_sitenote_note":"","_monsterinsights_sitenote_category":0,"footnotes":""},"categories":[117],"tags":[],"class_list":["post-47705","post","type-post","status-publish","format-gallery","has-post-thumbnail","hentry","category-dna","post_format-post-format-gallery"],"yoast_head":"<!-- This site is optimized with the Yoast SEO plugin v25.5 - https:\/\/yoast.com\/wordpress\/plugins\/seo\/ -->\n<title>Exhibition \u201cLight and Colours of Ericeira\u201d \u2013 photo gallery - AZUL-ERICEIRA MAG | O melhor da Ericeira<\/title>\n<meta name=\"robots\" content=\"index, follow, max-snippet:-1, max-image-preview:large, max-video-preview:-1\" \/>\n<link rel=\"canonical\" href=\"https:\/\/www.ericeiramag.pt\/en\/exhibition-light-and-colours-of-ericeira-photo-gallery\/\" \/>\n<meta property=\"og:locale\" content=\"en_US\" \/>\n<meta property=\"og:type\" content=\"article\" \/>\n<meta property=\"og:title\" content=\"Exhibition \u201cLight and Colours of Ericeira\u201d \u2013 photo gallery - AZUL-ERICEIRA MAG | O melhor da Ericeira\" \/>\n<meta property=\"og:description\" content=\"Exhibition portrays different perspectives on what Ericeira has to offer.\" \/>\n<meta property=\"og:url\" content=\"https:\/\/www.ericeiramag.pt\/en\/exhibition-light-and-colours-of-ericeira-photo-gallery\/\" \/>\n<meta property=\"og:site_name\" content=\"AZUL-ERICEIRA MAG | O melhor da Ericeira\" \/>\n<meta property=\"article:publisher\" content=\"https:\/\/www.facebook.com\/AZULericeiramag\/\" \/>\n<meta property=\"article:published_time\" content=\"2022-02-01T00:01:27+00:00\" \/>\n<meta property=\"og:image\" content=\"https:\/\/www.ericeiramag.pt\/wp-content\/uploads\/2022\/01\/20-O-chapCu-de-chuva-voa-SCrgio-Pedro.png\" \/>\n\t<meta property=\"og:image:width\" content=\"800\" \/>\n\t<meta property=\"og:image:height\" content=\"640\" \/>\n\t<meta property=\"og:image:type\" content=\"image\/png\" \/>\n<meta name=\"author\" content=\"Rodrigo Williams\" \/>\n<meta name=\"twitter:label1\" content=\"Written by\" \/>\n\t<meta name=\"twitter:data1\" content=\"Rodrigo Williams\" \/>\n\t<meta name=\"twitter:label2\" content=\"Est. reading time\" \/>\n\t<meta name=\"twitter:data2\" content=\"1 minute\" \/>\n<script type=\"application\/ld+json\" class=\"yoast-schema-graph\">{\"@context\":\"https:\/\/schema.org\",\"@graph\":[{\"@type\":\"Article\",\"@id\":\"https:\/\/www.ericeiramag.pt\/en\/exhibition-light-and-colours-of-ericeira-photo-gallery\/#article\",\"isPartOf\":{\"@id\":\"https:\/\/www.ericeiramag.pt\/en\/exhibition-light-and-colours-of-ericeira-photo-gallery\/\"},\"author\":{\"name\":\"Rodrigo Williams\",\"@id\":\"https:\/\/www.ericeiramag.pt\/#\/schema\/person\/772d0d7a332d2692f98da11f88677afd\"},\"headline\":\"Exhibition \u201cLight and Colours of Ericeira\u201d \u2013 photo gallery\",\"datePublished\":\"2022-02-01T00:01:27+00:00\",\"mainEntityOfPage\":{\"@id\":\"https:\/\/www.ericeiramag.pt\/en\/exhibition-light-and-colours-of-ericeira-photo-gallery\/\"},\"wordCount\":188,\"publisher\":{\"@id\":\"https:\/\/www.ericeiramag.pt\/#organization\"},\"image\":{\"@id\":\"https:\/\/www.ericeiramag.pt\/en\/exhibition-light-and-colours-of-ericeira-photo-gallery\/#primaryimage\"},\"thumbnailUrl\":\"https:\/\/www.ericeiramag.pt\/wp-content\/uploads\/2022\/01\/20-O-chapCu-de-chuva-voa-SCrgio-Pedro.png\",\"articleSection\":[\"DNA\"],\"inLanguage\":\"en-US\"},{\"@type\":\"WebPage\",\"@id\":\"https:\/\/www.ericeiramag.pt\/en\/exhibition-light-and-colours-of-ericeira-photo-gallery\/\",\"url\":\"https:\/\/www.ericeiramag.pt\/en\/exhibition-light-and-colours-of-ericeira-photo-gallery\/\",\"name\":\"Exhibition \u201cLight and Colours of Ericeira\u201d \u2013 photo gallery - AZUL-ERICEIRA MAG | O melhor da Ericeira\",\"isPartOf\":{\"@id\":\"https:\/\/www.ericeiramag.pt\/#website\"},\"primaryImageOfPage\":{\"@id\":\"https:\/\/www.ericeiramag.pt\/en\/exhibition-light-and-colours-of-ericeira-photo-gallery\/#primaryimage\"},\"image\":{\"@id\":\"https:\/\/www.ericeiramag.pt\/en\/exhibition-light-and-colours-of-ericeira-photo-gallery\/#primaryimage\"},\"thumbnailUrl\":\"https:\/\/www.ericeiramag.pt\/wp-content\/uploads\/2022\/01\/20-O-chapCu-de-chuva-voa-SCrgio-Pedro.png\",\"datePublished\":\"2022-02-01T00:01:27+00:00\",\"inLanguage\":\"en-US\",\"potentialAction\":[{\"@type\":\"ReadAction\",\"target\":[\"https:\/\/www.ericeiramag.pt\/en\/exhibition-light-and-colours-of-ericeira-photo-gallery\/\"]}]},{\"@type\":\"ImageObject\",\"inLanguage\":\"en-US\",\"@id\":\"https:\/\/www.ericeiramag.pt\/en\/exhibition-light-and-colours-of-ericeira-photo-gallery\/#primaryimage\",\"url\":\"https:\/\/www.ericeiramag.pt\/wp-content\/uploads\/2022\/01\/20-O-chapCu-de-chuva-voa-SCrgio-Pedro.png\",\"contentUrl\":\"https:\/\/www.ericeiramag.pt\/wp-content\/uploads\/2022\/01\/20-O-chapCu-de-chuva-voa-SCrgio-Pedro.png\",\"width\":800,\"height\":640},{\"@type\":\"WebSite\",\"@id\":\"https:\/\/www.ericeiramag.pt\/#website\",\"url\":\"https:\/\/www.ericeiramag.pt\/\",\"name\":\"AZUL-ERICEIRA MAG | O melhor da Ericeira\",\"description\":\"\",\"publisher\":{\"@id\":\"https:\/\/www.ericeiramag.pt\/#organization\"},\"potentialAction\":[{\"@type\":\"SearchAction\",\"target\":{\"@type\":\"EntryPoint\",\"urlTemplate\":\"https:\/\/www.ericeiramag.pt\/?s={search_term_string}\"},\"query-input\":{\"@type\":\"PropertyValueSpecification\",\"valueRequired\":true,\"valueName\":\"search_term_string\"}}],\"inLanguage\":\"en-US\"},{\"@type\":\"Organization\",\"@id\":\"https:\/\/www.ericeiramag.pt\/#organization\",\"name\":\"AZUL-ERICEIRA MAG | O melhor da Ericeira\",\"url\":\"https:\/\/www.ericeiramag.pt\/\",\"logo\":{\"@type\":\"ImageObject\",\"inLanguage\":\"en-US\",\"@id\":\"https:\/\/www.ericeiramag.pt\/#\/schema\/logo\/image\/\",\"url\":\"https:\/\/www.ericeiramag.pt\/wp-content\/uploads\/2024\/03\/logo-branco.jpg\",\"contentUrl\":\"https:\/\/www.ericeiramag.pt\/wp-content\/uploads\/2024\/03\/logo-branco.jpg\",\"width\":425,\"height\":283,\"caption\":\"AZUL-ERICEIRA MAG | O melhor da Ericeira\"},\"image\":{\"@id\":\"https:\/\/www.ericeiramag.pt\/#\/schema\/logo\/image\/\"},\"sameAs\":[\"https:\/\/www.facebook.com\/AZULericeiramag\/\"]},{\"@type\":\"Person\",\"@id\":\"https:\/\/www.ericeiramag.pt\/#\/schema\/person\/772d0d7a332d2692f98da11f88677afd\",\"name\":\"Rodrigo Williams\",\"image\":{\"@type\":\"ImageObject\",\"inLanguage\":\"en-US\",\"@id\":\"https:\/\/www.ericeiramag.pt\/#\/schema\/person\/image\/\",\"url\":\"https:\/\/secure.gravatar.com\/avatar\/b16e30836a09217884aa48b130989330?s=96&d=mm&r=g\",\"contentUrl\":\"https:\/\/secure.gravatar.com\/avatar\/b16e30836a09217884aa48b130989330?s=96&d=mm&r=g\",\"caption\":\"Rodrigo Williams\"},\"url\":\"https:\/\/www.ericeiramag.pt\/en\"}]}<\/script>\n<!-- \/ Yoast SEO plugin. -->","yoast_head_json":{"title":"Exhibition \u201cLight and Colours of Ericeira\u201d \u2013 photo gallery - AZUL-ERICEIRA MAG | O melhor da Ericeira","robots":{"index":"index","follow":"follow","max-snippet":"max-snippet:-1","max-image-preview":"max-image-preview:large","max-video-preview":"max-video-preview:-1"},"canonical":"https:\/\/www.ericeiramag.pt\/en\/exhibition-light-and-colours-of-ericeira-photo-gallery\/","og_locale":"en_US","og_type":"article","og_title":"Exhibition \u201cLight and Colours of Ericeira\u201d \u2013 photo gallery - AZUL-ERICEIRA MAG | O melhor da Ericeira","og_description":"Exhibition portrays different perspectives on what Ericeira has to offer.","og_url":"https:\/\/www.ericeiramag.pt\/en\/exhibition-light-and-colours-of-ericeira-photo-gallery\/","og_site_name":"AZUL-ERICEIRA MAG | O melhor da Ericeira","article_publisher":"https:\/\/www.facebook.com\/AZULericeiramag\/","article_published_time":"2022-02-01T00:01:27+00:00","og_image":[{"width":800,"height":640,"url":"https:\/\/www.ericeiramag.pt\/wp-content\/uploads\/2022\/01\/20-O-chapCu-de-chuva-voa-SCrgio-Pedro.png","type":"image\/png"}],"author":"Rodrigo Williams","twitter_misc":{"Written by":"Rodrigo Williams","Est. reading time":"1 minute"},"schema":{"@context":"https:\/\/schema.org","@graph":[{"@type":"Article","@id":"https:\/\/www.ericeiramag.pt\/en\/exhibition-light-and-colours-of-ericeira-photo-gallery\/#article","isPartOf":{"@id":"https:\/\/www.ericeiramag.pt\/en\/exhibition-light-and-colours-of-ericeira-photo-gallery\/"},"author":{"name":"Rodrigo Williams","@id":"https:\/\/www.ericeiramag.pt\/#\/schema\/person\/772d0d7a332d2692f98da11f88677afd"},"headline":"Exhibition \u201cLight and Colours of Ericeira\u201d \u2013 photo gallery","datePublished":"2022-02-01T00:01:27+00:00","mainEntityOfPage":{"@id":"https:\/\/www.ericeiramag.pt\/en\/exhibition-light-and-colours-of-ericeira-photo-gallery\/"},"wordCount":188,"publisher":{"@id":"https:\/\/www.ericeiramag.pt\/#organization"},"image":{"@id":"https:\/\/www.ericeiramag.pt\/en\/exhibition-light-and-colours-of-ericeira-photo-gallery\/#primaryimage"},"thumbnailUrl":"https:\/\/www.ericeiramag.pt\/wp-content\/uploads\/2022\/01\/20-O-chapCu-de-chuva-voa-SCrgio-Pedro.png","articleSection":["DNA"],"inLanguage":"en-US"},{"@type":"WebPage","@id":"https:\/\/www.ericeiramag.pt\/en\/exhibition-light-and-colours-of-ericeira-photo-gallery\/","url":"https:\/\/www.ericeiramag.pt\/en\/exhibition-light-and-colours-of-ericeira-photo-gallery\/","name":"Exhibition \u201cLight and Colours of Ericeira\u201d \u2013 photo gallery - AZUL-ERICEIRA MAG | O melhor da Ericeira","isPartOf":{"@id":"https:\/\/www.ericeiramag.pt\/#website"},"primaryImageOfPage":{"@id":"https:\/\/www.ericeiramag.pt\/en\/exhibition-light-and-colours-of-ericeira-photo-gallery\/#primaryimage"},"image":{"@id":"https:\/\/www.ericeiramag.pt\/en\/exhibition-light-and-colours-of-ericeira-photo-gallery\/#primaryimage"},"thumbnailUrl":"https:\/\/www.ericeiramag.pt\/wp-content\/uploads\/2022\/01\/20-O-chapCu-de-chuva-voa-SCrgio-Pedro.png","datePublished":"2022-02-01T00:01:27+00:00","inLanguage":"en-US","potentialAction":[{"@type":"ReadAction","target":["https:\/\/www.ericeiramag.pt\/en\/exhibition-light-and-colours-of-ericeira-photo-gallery\/"]}]},{"@type":"ImageObject","inLanguage":"en-US","@id":"https:\/\/www.ericeiramag.pt\/en\/exhibition-light-and-colours-of-ericeira-photo-gallery\/#primaryimage","url":"https:\/\/www.ericeiramag.pt\/wp-content\/uploads\/2022\/01\/20-O-chapCu-de-chuva-voa-SCrgio-Pedro.png","contentUrl":"https:\/\/www.ericeiramag.pt\/wp-content\/uploads\/2022\/01\/20-O-chapCu-de-chuva-voa-SCrgio-Pedro.png","width":800,"height":640},{"@type":"WebSite","@id":"https:\/\/www.ericeiramag.pt\/#website","url":"https:\/\/www.ericeiramag.pt\/","name":"AZUL-ERICEIRA MAG | O melhor da Ericeira","description":"","publisher":{"@id":"https:\/\/www.ericeiramag.pt\/#organization"},"potentialAction":[{"@type":"SearchAction","target":{"@type":"EntryPoint","urlTemplate":"https:\/\/www.ericeiramag.pt\/?s={search_term_string}"},"query-input":{"@type":"PropertyValueSpecification","valueRequired":true,"valueName":"search_term_string"}}],"inLanguage":"en-US"},{"@type":"Organization","@id":"https:\/\/www.ericeiramag.pt\/#organization","name":"AZUL-ERICEIRA MAG | O melhor da Ericeira","url":"https:\/\/www.ericeiramag.pt\/","logo":{"@type":"ImageObject","inLanguage":"en-US","@id":"https:\/\/www.ericeiramag.pt\/#\/schema\/logo\/image\/","url":"https:\/\/www.ericeiramag.pt\/wp-content\/uploads\/2024\/03\/logo-branco.jpg","contentUrl":"https:\/\/www.ericeiramag.pt\/wp-content\/uploads\/2024\/03\/logo-branco.jpg","width":425,"height":283,"caption":"AZUL-ERICEIRA MAG | O melhor da Ericeira"},"image":{"@id":"https:\/\/www.ericeiramag.pt\/#\/schema\/logo\/image\/"},"sameAs":["https:\/\/www.facebook.com\/AZULericeiramag\/"]},{"@type":"Person","@id":"https:\/\/www.ericeiramag.pt\/#\/schema\/person\/772d0d7a332d2692f98da11f88677afd","name":"Rodrigo Williams","image":{"@type":"ImageObject","inLanguage":"en-US","@id":"https:\/\/www.ericeiramag.pt\/#\/schema\/person\/image\/","url":"https:\/\/secure.gravatar.com\/avatar\/b16e30836a09217884aa48b130989330?s=96&d=mm&r=g","contentUrl":"https:\/\/secure.gravatar.com\/avatar\/b16e30836a09217884aa48b130989330?s=96&d=mm&r=g","caption":"Rodrigo Williams"},"url":"https:\/\/www.ericeiramag.pt\/en"}]}},"_links":{"self":[{"href":"https:\/\/www.ericeiramag.pt\/en\/wp-json\/wp\/v2\/posts\/47705"}],"collection":[{"href":"https:\/\/www.ericeiramag.pt\/en\/wp-json\/wp\/v2\/posts"}],"about":[{"href":"https:\/\/www.ericeiramag.pt\/en\/wp-json\/wp\/v2\/types\/post"}],"author":[{"embeddable":true,"href":"https:\/\/www.ericeiramag.pt\/en\/wp-json\/wp\/v2\/users\/14"}],"replies":[{"embeddable":true,"href":"https:\/\/www.ericeiramag.pt\/en\/wp-json\/wp\/v2\/comments?post=47705"}],"version-history":[{"count":0,"href":"https:\/\/www.ericeiramag.pt\/en\/wp-json\/wp\/v2\/posts\/47705\/revisions"}],"wp:featuredmedia":[{"embeddable":true,"href":"https:\/\/www.ericeiramag.pt\/en\/wp-json\/wp\/v2\/media\/47505"}],"wp:attachment":[{"href":"https:\/\/www.ericeiramag.pt\/en\/wp-json\/wp\/v2\/media?parent=47705"}],"wp:term":[{"taxonomy":"category","embeddable":true,"href":"https:\/\/www.ericeiramag.pt\/en\/wp-json\/wp\/v2\/categories?post=47705"},{"taxonomy":"post_tag","embeddable":true,"href":"https:\/\/www.ericeiramag.pt\/en\/wp-json\/wp\/v2\/tags?post=47705"}],"curies":[{"name":"wp","href":"https:\/\/api.w.org\/{rel}","templated":true}]}}