{"id":42518,"date":"2025-02-19T00:00:25","date_gmt":"2025-02-19T00:00:25","guid":{"rendered":"https:\/\/www.ericeiramag.pt\/?p=42518\/"},"modified":"2025-02-11T18:06:24","modified_gmt":"2025-02-11T18:06:24","slug":"at93-architecture-and-urbanism-atelier","status":"publish","type":"post","link":"https:\/\/www.ericeiramag.pt\/en\/at93-architecture-and-urbanism-atelier\/","title":{"rendered":"AT93 &#8211; Architecture and Urbanism Atelier"},"content":{"rendered":"<p>&nbsp;<\/p>\n<p>At <a href=\"http:\/\/www.at93.pt\/\" target=\"_blank\" rel=\"noopener\">AT93<\/a>, architecture is understood as essential to our existence. Today, we spend most of our lives inside buildings, which underscores the heightened responsibility in practicing this profession. For this reason, each project is approached as unique, tailored to its location, aiming to minimize its ecological footprint, seeking appropriate technical solutions, and respecting the goals and needs of the client.<\/p>\n<p>The atelier&#8217;s portfolio includes private homes, multifamily buildings, renovations, new constructions, courthouses, schools, universities, laboratories, student residences, and urban plans. There is a clear awareness that every project, regardless of scale, deserves a unique, methodical, rigorous approach with great attention to detail.<\/p>\n<p>Founded in 1993, <a href=\"https:\/\/www.instagram.com\/at93_arquitetura_e_urbanismo\/\" target=\"_blank\" rel=\"noopener\">AT93<\/a> operates from offices in Ericeira and Lisbon, serving private and institutional clients both in Portugal and abroad, in countries such as Angola, Mozambique, S\u00e3o Tom\u00e9 and Pr\u00edncipe, Cape Verde, and Algeria. Aware that architecture is a legacy that endures through time, they honor a long-standing tradition while remaining focused on the present and looking toward the future.<\/p>\n<div class=\"su-image-carousel  su-image-carousel-has-spacing su-image-carousel-crop su-image-carousel-crop-16-9 su-image-carousel-has-outline su-image-carousel-adaptive su-image-carousel-slides-style-default su-image-carousel-controls-style-dark su-image-carousel-align-none\" style=\"\" data-flickity-options='{\"groupCells\":true,\"cellSelector\":\".su-image-carousel-item\",\"adaptiveHeight\":false,\"cellAlign\":\"left\",\"prevNextButtons\":true,\"pageDots\":true,\"autoPlay\":5000,\"imagesLoaded\":true,\"contain\":true,\"selectedAttraction\":0.025,\"friction\":0.28}' id=\"su_image_carousel_69f3580bb1be4\"><div class=\"su-image-carousel-item\"><div class=\"su-image-carousel-item-content\"><img loading=\"lazy\" decoding=\"async\" width=\"690\" height=\"459\" src=\"https:\/\/www.ericeiramag.pt\/wp-content\/uploads\/2021\/03\/ALVITO-EXT-1024x681.jpg\" class=\" colorbox-42518 \" alt=\"\" srcset=\"https:\/\/www.ericeiramag.pt\/wp-content\/uploads\/2021\/03\/ALVITO-EXT-1024x681.jpg 1024w, https:\/\/www.ericeiramag.pt\/wp-content\/uploads\/2021\/03\/ALVITO-EXT-300x199.jpg 300w, https:\/\/www.ericeiramag.pt\/wp-content\/uploads\/2021\/03\/ALVITO-EXT-768x511.jpg 768w, https:\/\/www.ericeiramag.pt\/wp-content\/uploads\/2021\/03\/ALVITO-EXT-600x399.jpg 600w, https:\/\/www.ericeiramag.pt\/wp-content\/uploads\/2021\/03\/ALVITO-EXT-296x197.jpg 296w, https:\/\/www.ericeiramag.pt\/wp-content\/uploads\/2021\/03\/ALVITO-EXT-872x580.jpg 872w, https:\/\/www.ericeiramag.pt\/wp-content\/uploads\/2021\/03\/ALVITO-EXT.jpg 1050w\" sizes=\"(max-width: 690px) 100vw, 690px\" \/><\/div><\/div><div class=\"su-image-carousel-item\"><div class=\"su-image-carousel-item-content\"><img loading=\"lazy\" decoding=\"async\" width=\"690\" height=\"459\" src=\"https:\/\/www.ericeiramag.pt\/wp-content\/uploads\/2021\/03\/CASA-DAS-DUNAS-1024x681.jpg\" class=\" colorbox-42518 \" alt=\"\" srcset=\"https:\/\/www.ericeiramag.pt\/wp-content\/uploads\/2021\/03\/CASA-DAS-DUNAS-1024x681.jpg 1024w, https:\/\/www.ericeiramag.pt\/wp-content\/uploads\/2021\/03\/CASA-DAS-DUNAS-300x199.jpg 300w, https:\/\/www.ericeiramag.pt\/wp-content\/uploads\/2021\/03\/CASA-DAS-DUNAS-768x511.jpg 768w, https:\/\/www.ericeiramag.pt\/wp-content\/uploads\/2021\/03\/CASA-DAS-DUNAS-600x399.jpg 600w, https:\/\/www.ericeiramag.pt\/wp-content\/uploads\/2021\/03\/CASA-DAS-DUNAS-296x197.jpg 296w, https:\/\/www.ericeiramag.pt\/wp-content\/uploads\/2021\/03\/CASA-DAS-DUNAS-872x580.jpg 872w, https:\/\/www.ericeiramag.pt\/wp-content\/uploads\/2021\/03\/CASA-DAS-DUNAS.jpg 1050w\" sizes=\"(max-width: 690px) 100vw, 690px\" \/><\/div><\/div><div class=\"su-image-carousel-item\"><div class=\"su-image-carousel-item-content\"><img loading=\"lazy\" decoding=\"async\" width=\"690\" height=\"476\" src=\"https:\/\/www.ericeiramag.pt\/wp-content\/uploads\/2021\/03\/CASA-NOVA-AREA-1024x706.jpg\" class=\" colorbox-42518 \" alt=\"\" srcset=\"https:\/\/www.ericeiramag.pt\/wp-content\/uploads\/2021\/03\/CASA-NOVA-AREA-1024x706.jpg 1024w, https:\/\/www.ericeiramag.pt\/wp-content\/uploads\/2021\/03\/CASA-NOVA-AREA-300x207.jpg 300w, https:\/\/www.ericeiramag.pt\/wp-content\/uploads\/2021\/03\/CASA-NOVA-AREA-768x530.jpg 768w, https:\/\/www.ericeiramag.pt\/wp-content\/uploads\/2021\/03\/CASA-NOVA-AREA-600x414.jpg 600w, https:\/\/www.ericeiramag.pt\/wp-content\/uploads\/2021\/03\/CASA-NOVA-AREA-841x580.jpg 841w, https:\/\/www.ericeiramag.pt\/wp-content\/uploads\/2021\/03\/CASA-NOVA-AREA.jpg 1050w\" sizes=\"(max-width: 690px) 100vw, 690px\" \/><\/div><\/div><div class=\"su-image-carousel-item\"><div class=\"su-image-carousel-item-content\"><img loading=\"lazy\" decoding=\"async\" width=\"690\" height=\"387\" src=\"https:\/\/www.ericeiramag.pt\/wp-content\/uploads\/2021\/03\/SALA-ESCOLA-VELAS-1024x574.jpg\" class=\" colorbox-42518 \" alt=\"\" srcset=\"https:\/\/www.ericeiramag.pt\/wp-content\/uploads\/2021\/03\/SALA-ESCOLA-VELAS-1024x574.jpg 1024w, https:\/\/www.ericeiramag.pt\/wp-content\/uploads\/2021\/03\/SALA-ESCOLA-VELAS-300x168.jpg 300w, https:\/\/www.ericeiramag.pt\/wp-content\/uploads\/2021\/03\/SALA-ESCOLA-VELAS-768x431.jpg 768w, https:\/\/www.ericeiramag.pt\/wp-content\/uploads\/2021\/03\/SALA-ESCOLA-VELAS-600x337.jpg 600w, https:\/\/www.ericeiramag.pt\/wp-content\/uploads\/2021\/03\/SALA-ESCOLA-VELAS-1034x580.jpg 1034w, https:\/\/www.ericeiramag.pt\/wp-content\/uploads\/2021\/03\/SALA-ESCOLA-VELAS.jpg 1050w\" sizes=\"(max-width: 690px) 100vw, 690px\" \/><\/div><\/div><div class=\"su-image-carousel-item\"><div class=\"su-image-carousel-item-content\"><img loading=\"lazy\" decoding=\"async\" width=\"690\" height=\"459\" src=\"https:\/\/www.ericeiramag.pt\/wp-content\/uploads\/2021\/03\/ESCOLA_PICO-2-1024x681.jpg\" class=\" colorbox-42518 \" alt=\"\" srcset=\"https:\/\/www.ericeiramag.pt\/wp-content\/uploads\/2021\/03\/ESCOLA_PICO-2-1024x681.jpg 1024w, https:\/\/www.ericeiramag.pt\/wp-content\/uploads\/2021\/03\/ESCOLA_PICO-2-300x199.jpg 300w, https:\/\/www.ericeiramag.pt\/wp-content\/uploads\/2021\/03\/ESCOLA_PICO-2-768x511.jpg 768w, https:\/\/www.ericeiramag.pt\/wp-content\/uploads\/2021\/03\/ESCOLA_PICO-2-600x399.jpg 600w, https:\/\/www.ericeiramag.pt\/wp-content\/uploads\/2021\/03\/ESCOLA_PICO-2-296x197.jpg 296w, https:\/\/www.ericeiramag.pt\/wp-content\/uploads\/2021\/03\/ESCOLA_PICO-2-e1616610792478.jpg 1050w, https:\/\/www.ericeiramag.pt\/wp-content\/uploads\/2021\/03\/ESCOLA_PICO-2-872x580.jpg 872w\" sizes=\"(max-width: 690px) 100vw, 690px\" \/><\/div><\/div><div class=\"su-image-carousel-item\"><div class=\"su-image-carousel-item-content\"><img loading=\"lazy\" decoding=\"async\" width=\"690\" height=\"459\" src=\"https:\/\/www.ericeiramag.pt\/wp-content\/uploads\/2021\/03\/ESCOLA_PICO-1024x681.jpg\" class=\" colorbox-42518 \" alt=\"\" srcset=\"https:\/\/www.ericeiramag.pt\/wp-content\/uploads\/2021\/03\/ESCOLA_PICO-1024x681.jpg 1024w, https:\/\/www.ericeiramag.pt\/wp-content\/uploads\/2021\/03\/ESCOLA_PICO-300x200.jpg 300w, https:\/\/www.ericeiramag.pt\/wp-content\/uploads\/2021\/03\/ESCOLA_PICO-768x511.jpg 768w, https:\/\/www.ericeiramag.pt\/wp-content\/uploads\/2021\/03\/ESCOLA_PICO-1536x1022.jpg 1536w, https:\/\/www.ericeiramag.pt\/wp-content\/uploads\/2021\/03\/ESCOLA_PICO-600x399.jpg 600w, https:\/\/www.ericeiramag.pt\/wp-content\/uploads\/2021\/03\/ESCOLA_PICO-296x197.jpg 296w, https:\/\/www.ericeiramag.pt\/wp-content\/uploads\/2021\/03\/ESCOLA_PICO-e1616610838189.jpg 1050w, https:\/\/www.ericeiramag.pt\/wp-content\/uploads\/2021\/03\/ESCOLA_PICO-872x580.jpg 872w\" sizes=\"(max-width: 690px) 100vw, 690px\" \/><\/div><\/div><\/div><script id=\"su_image_carousel_69f3580bb1be4_script\">if(window.SUImageCarousel){setTimeout(function() {window.SUImageCarousel.initGallery(document.getElementById(\"su_image_carousel_69f3580bb1be4\"))}, 0);}var su_image_carousel_69f3580bb1be4_script=document.getElementById(\"su_image_carousel_69f3580bb1be4_script\");if(su_image_carousel_69f3580bb1be4_script){su_image_carousel_69f3580bb1be4_script.parentNode.removeChild(su_image_carousel_69f3580bb1be4_script);}<\/script>\n<p><strong>Business area:<\/strong> Architecture, Urbanism and Interior Design<\/p>\n<p><strong>Address:<\/strong> Estrada Nacional 116, Quinta dos Leit\u00f5es 2655-450 Ericeira<\/p>\n<p><strong>Contacts:<\/strong> Telephone &#8211; +351 261 864 713 | Email &#8211; arquitectos@at93.pt<\/p>\n<p><strong>Website:<\/strong> <a href=\"http:\/\/www.at93.pt\/Main_EN.htm\" target=\"_blank\" rel=\"noopener noreferrer\">AT93<\/a><\/p>\n<p><strong>Facebook:<\/strong><a href=\"https:\/\/www.facebook.com\/at93.arquitectos\" target=\"_blank\" rel=\"noopener noreferrer\"> AT.93 Atelier de Arquitectura e Engenharia, Lda.<\/a><\/p>\n<p><strong>Instagram:<\/strong> <a href=\"https:\/\/www.instagram.com\/at93_arquitetura_e_urbanismo\/\" target=\"_blank\" rel=\"noopener noreferrer\">At93 &#8211; Architecture and Urbanism<\/a><\/p>\n<p><strong>Host:<\/strong> Bruno Dray<\/p>\n<p><strong>Schedule: <\/strong>from\u00a09 am to 6 pm<\/p>\n<p><strong>Closed on Saturdays and Sundays<\/strong><\/p>\n<p><a href=\"https:\/\/www.ericeiramag.pt\/wp-content\/uploads\/2021\/04\/AT93-LOGO.png\"><img loading=\"lazy\" decoding=\"async\" class=\"alignnone size-full wp-image-60120 colorbox-42518\" src=\"https:\/\/www.ericeiramag.pt\/wp-content\/uploads\/2021\/04\/AT93-LOGO.png\" alt=\"\" width=\"786\" height=\"446\" srcset=\"https:\/\/www.ericeiramag.pt\/wp-content\/uploads\/2021\/04\/AT93-LOGO.png 786w, https:\/\/www.ericeiramag.pt\/wp-content\/uploads\/2021\/04\/AT93-LOGO-300x170.png 300w, https:\/\/www.ericeiramag.pt\/wp-content\/uploads\/2021\/04\/AT93-LOGO-768x436.png 768w, https:\/\/www.ericeiramag.pt\/wp-content\/uploads\/2021\/04\/AT93-LOGO-600x340.png 600w\" sizes=\"(max-width: 786px) 100vw, 786px\" \/><\/a><\/p>\n<div class=\"su-gmap su-u-responsive-media-yes\"><iframe loading=\"lazy\" width=\"600\" height=\"300\" src=\"\/\/maps.google.com\/maps?q=N116%2C%20Quinta%20dos%20Leit%C3%B5es%20Ericeira&amp;output=embed&amp;z=17\" title=\"\"><\/iframe><\/div>\n<!-- AddThis Advanced Settings generic via filter on the_content --><!-- AddThis Share Buttons generic via filter on the_content -->","protected":false},"excerpt":{"rendered":"<p>Living the architecture.<!-- AddThis Advanced Settings generic via filter on get_the_excerpt --><!-- AddThis Share Buttons generic via filter on get_the_excerpt --><\/p>\n","protected":false},"author":14,"featured_media":42306,"comment_status":"closed","ping_status":"closed","sticky":false,"template":"","format":"standard","meta":{"_monsterinsights_skip_tracking":false,"_monsterinsights_sitenote_active":false,"_monsterinsights_sitenote_note":"","_monsterinsights_sitenote_category":0,"footnotes":""},"categories":[143,143,179,179],"tags":[],"class_list":{"0":"post-42518","1":"post","2":"type-post","3":"status-publish","4":"format-standard","5":"has-post-thumbnail","6":"hentry","7":"category-best-points-en","9":"category-sweet-home"},"yoast_head":"<!-- This site is optimized with the Yoast SEO plugin v25.5 - https:\/\/yoast.com\/wordpress\/plugins\/seo\/ -->\n<title>AT93 - Architecture and Urbanism Atelier - AZUL-ERICEIRA MAG | O melhor da Ericeira<\/title>\n<meta name=\"robots\" content=\"index, follow, max-snippet:-1, max-image-preview:large, max-video-preview:-1\" \/>\n<link rel=\"canonical\" href=\"https:\/\/www.ericeiramag.pt\/at93-atelier-de-arquitectura-e-urbanismo\/\" \/>\n<meta property=\"og:locale\" content=\"en_US\" \/>\n<meta property=\"og:type\" content=\"article\" \/>\n<meta property=\"og:title\" content=\"AT93 - Architecture and Urbanism Atelier - AZUL-ERICEIRA MAG | O melhor da Ericeira\" \/>\n<meta property=\"og:description\" content=\"Living the architecture.\" \/>\n<meta property=\"og:url\" content=\"https:\/\/www.ericeiramag.pt\/at93-atelier-de-arquitectura-e-urbanismo\/\" \/>\n<meta property=\"og:site_name\" content=\"AZUL-ERICEIRA MAG | O melhor da Ericeira\" \/>\n<meta property=\"article:publisher\" content=\"https:\/\/www.facebook.com\/AZULericeiramag\/\" \/>\n<meta property=\"article:published_time\" content=\"2025-02-19T00:00:25+00:00\" \/>\n<meta property=\"og:image\" content=\"https:\/\/www.ericeiramag.pt\/wp-content\/uploads\/2021\/03\/CASA-NOVA_EXT-e1616502231667.jpg\" \/>\n\t<meta property=\"og:image:width\" content=\"1050\" \/>\n\t<meta property=\"og:image:height\" content=\"724\" \/>\n\t<meta property=\"og:image:type\" content=\"image\/jpeg\" \/>\n<meta name=\"author\" content=\"Rodrigo Williams\" \/>\n<meta name=\"twitter:label1\" content=\"Written by\" \/>\n\t<meta name=\"twitter:data1\" content=\"Rodrigo Williams\" \/>\n\t<meta name=\"twitter:label2\" content=\"Est. reading time\" \/>\n\t<meta name=\"twitter:data2\" content=\"2 minutes\" \/>\n<script type=\"application\/ld+json\" class=\"yoast-schema-graph\">{\"@context\":\"https:\/\/schema.org\",\"@graph\":[{\"@type\":\"Article\",\"@id\":\"https:\/\/www.ericeiramag.pt\/at93-atelier-de-arquitectura-e-urbanismo\/#article\",\"isPartOf\":{\"@id\":\"https:\/\/www.ericeiramag.pt\/at93-atelier-de-arquitectura-e-urbanismo\/\"},\"author\":{\"name\":\"Rodrigo Williams\",\"@id\":\"https:\/\/www.ericeiramag.pt\/#\/schema\/person\/772d0d7a332d2692f98da11f88677afd\"},\"headline\":\"AT93 &#8211; Architecture and Urbanism Atelier\",\"datePublished\":\"2025-02-19T00:00:25+00:00\",\"mainEntityOfPage\":{\"@id\":\"https:\/\/www.ericeiramag.pt\/at93-atelier-de-arquitectura-e-urbanismo\/\"},\"wordCount\":242,\"publisher\":{\"@id\":\"https:\/\/www.ericeiramag.pt\/#organization\"},\"image\":{\"@id\":\"https:\/\/www.ericeiramag.pt\/at93-atelier-de-arquitectura-e-urbanismo\/#primaryimage\"},\"thumbnailUrl\":\"https:\/\/www.ericeiramag.pt\/wp-content\/uploads\/2021\/03\/CASA-NOVA_EXT-e1616502231667.jpg\",\"articleSection\":[\"Best Points\",\"Best Points\",\"Sweet Home\",\"Sweet Home\"],\"inLanguage\":\"en-US\"},{\"@type\":\"WebPage\",\"@id\":\"https:\/\/www.ericeiramag.pt\/at93-atelier-de-arquitectura-e-urbanismo\/\",\"url\":\"https:\/\/www.ericeiramag.pt\/at93-atelier-de-arquitectura-e-urbanismo\/\",\"name\":\"AT93 - Architecture and Urbanism Atelier - AZUL-ERICEIRA MAG | O melhor da Ericeira\",\"isPartOf\":{\"@id\":\"https:\/\/www.ericeiramag.pt\/#website\"},\"primaryImageOfPage\":{\"@id\":\"https:\/\/www.ericeiramag.pt\/at93-atelier-de-arquitectura-e-urbanismo\/#primaryimage\"},\"image\":{\"@id\":\"https:\/\/www.ericeiramag.pt\/at93-atelier-de-arquitectura-e-urbanismo\/#primaryimage\"},\"thumbnailUrl\":\"https:\/\/www.ericeiramag.pt\/wp-content\/uploads\/2021\/03\/CASA-NOVA_EXT-e1616502231667.jpg\",\"datePublished\":\"2025-02-19T00:00:25+00:00\",\"inLanguage\":\"en-US\",\"potentialAction\":[{\"@type\":\"ReadAction\",\"target\":[\"https:\/\/www.ericeiramag.pt\/at93-atelier-de-arquitectura-e-urbanismo\/\"]}]},{\"@type\":\"ImageObject\",\"inLanguage\":\"en-US\",\"@id\":\"https:\/\/www.ericeiramag.pt\/at93-atelier-de-arquitectura-e-urbanismo\/#primaryimage\",\"url\":\"https:\/\/www.ericeiramag.pt\/wp-content\/uploads\/2021\/03\/CASA-NOVA_EXT-e1616502231667.jpg\",\"contentUrl\":\"https:\/\/www.ericeiramag.pt\/wp-content\/uploads\/2021\/03\/CASA-NOVA_EXT-e1616502231667.jpg\",\"width\":1050,\"height\":724},{\"@type\":\"WebSite\",\"@id\":\"https:\/\/www.ericeiramag.pt\/#website\",\"url\":\"https:\/\/www.ericeiramag.pt\/\",\"name\":\"AZUL-ERICEIRA MAG | O melhor da Ericeira\",\"description\":\"\",\"publisher\":{\"@id\":\"https:\/\/www.ericeiramag.pt\/#organization\"},\"potentialAction\":[{\"@type\":\"SearchAction\",\"target\":{\"@type\":\"EntryPoint\",\"urlTemplate\":\"https:\/\/www.ericeiramag.pt\/?s={search_term_string}\"},\"query-input\":{\"@type\":\"PropertyValueSpecification\",\"valueRequired\":true,\"valueName\":\"search_term_string\"}}],\"inLanguage\":\"en-US\"},{\"@type\":\"Organization\",\"@id\":\"https:\/\/www.ericeiramag.pt\/#organization\",\"name\":\"AZUL-ERICEIRA MAG | O melhor da Ericeira\",\"url\":\"https:\/\/www.ericeiramag.pt\/\",\"logo\":{\"@type\":\"ImageObject\",\"inLanguage\":\"en-US\",\"@id\":\"https:\/\/www.ericeiramag.pt\/#\/schema\/logo\/image\/\",\"url\":\"https:\/\/www.ericeiramag.pt\/wp-content\/uploads\/2024\/03\/logo-branco.jpg\",\"contentUrl\":\"https:\/\/www.ericeiramag.pt\/wp-content\/uploads\/2024\/03\/logo-branco.jpg\",\"width\":425,\"height\":283,\"caption\":\"AZUL-ERICEIRA MAG | O melhor da Ericeira\"},\"image\":{\"@id\":\"https:\/\/www.ericeiramag.pt\/#\/schema\/logo\/image\/\"},\"sameAs\":[\"https:\/\/www.facebook.com\/AZULericeiramag\/\"]},{\"@type\":\"Person\",\"@id\":\"https:\/\/www.ericeiramag.pt\/#\/schema\/person\/772d0d7a332d2692f98da11f88677afd\",\"name\":\"Rodrigo Williams\",\"image\":{\"@type\":\"ImageObject\",\"inLanguage\":\"en-US\",\"@id\":\"https:\/\/www.ericeiramag.pt\/#\/schema\/person\/image\/\",\"url\":\"https:\/\/secure.gravatar.com\/avatar\/b16e30836a09217884aa48b130989330?s=96&d=mm&r=g\",\"contentUrl\":\"https:\/\/secure.gravatar.com\/avatar\/b16e30836a09217884aa48b130989330?s=96&d=mm&r=g\",\"caption\":\"Rodrigo Williams\"},\"url\":\"https:\/\/www.ericeiramag.pt\/en\"}]}<\/script>\n<!-- \/ Yoast SEO plugin. -->","yoast_head_json":{"title":"AT93 - Architecture and Urbanism Atelier - AZUL-ERICEIRA MAG | O melhor da Ericeira","robots":{"index":"index","follow":"follow","max-snippet":"max-snippet:-1","max-image-preview":"max-image-preview:large","max-video-preview":"max-video-preview:-1"},"canonical":"https:\/\/www.ericeiramag.pt\/at93-atelier-de-arquitectura-e-urbanismo\/","og_locale":"en_US","og_type":"article","og_title":"AT93 - Architecture and Urbanism Atelier - AZUL-ERICEIRA MAG | O melhor da Ericeira","og_description":"Living the architecture.","og_url":"https:\/\/www.ericeiramag.pt\/at93-atelier-de-arquitectura-e-urbanismo\/","og_site_name":"AZUL-ERICEIRA MAG | O melhor da Ericeira","article_publisher":"https:\/\/www.facebook.com\/AZULericeiramag\/","article_published_time":"2025-02-19T00:00:25+00:00","og_image":[{"width":1050,"height":724,"url":"https:\/\/www.ericeiramag.pt\/wp-content\/uploads\/2021\/03\/CASA-NOVA_EXT-e1616502231667.jpg","type":"image\/jpeg"}],"author":"Rodrigo Williams","twitter_misc":{"Written by":"Rodrigo Williams","Est. reading time":"2 minutes"},"schema":{"@context":"https:\/\/schema.org","@graph":[{"@type":"Article","@id":"https:\/\/www.ericeiramag.pt\/at93-atelier-de-arquitectura-e-urbanismo\/#article","isPartOf":{"@id":"https:\/\/www.ericeiramag.pt\/at93-atelier-de-arquitectura-e-urbanismo\/"},"author":{"name":"Rodrigo Williams","@id":"https:\/\/www.ericeiramag.pt\/#\/schema\/person\/772d0d7a332d2692f98da11f88677afd"},"headline":"AT93 &#8211; Architecture and Urbanism Atelier","datePublished":"2025-02-19T00:00:25+00:00","mainEntityOfPage":{"@id":"https:\/\/www.ericeiramag.pt\/at93-atelier-de-arquitectura-e-urbanismo\/"},"wordCount":242,"publisher":{"@id":"https:\/\/www.ericeiramag.pt\/#organization"},"image":{"@id":"https:\/\/www.ericeiramag.pt\/at93-atelier-de-arquitectura-e-urbanismo\/#primaryimage"},"thumbnailUrl":"https:\/\/www.ericeiramag.pt\/wp-content\/uploads\/2021\/03\/CASA-NOVA_EXT-e1616502231667.jpg","articleSection":["Best Points","Best Points","Sweet Home","Sweet Home"],"inLanguage":"en-US"},{"@type":"WebPage","@id":"https:\/\/www.ericeiramag.pt\/at93-atelier-de-arquitectura-e-urbanismo\/","url":"https:\/\/www.ericeiramag.pt\/at93-atelier-de-arquitectura-e-urbanismo\/","name":"AT93 - Architecture and Urbanism Atelier - AZUL-ERICEIRA MAG | O melhor da Ericeira","isPartOf":{"@id":"https:\/\/www.ericeiramag.pt\/#website"},"primaryImageOfPage":{"@id":"https:\/\/www.ericeiramag.pt\/at93-atelier-de-arquitectura-e-urbanismo\/#primaryimage"},"image":{"@id":"https:\/\/www.ericeiramag.pt\/at93-atelier-de-arquitectura-e-urbanismo\/#primaryimage"},"thumbnailUrl":"https:\/\/www.ericeiramag.pt\/wp-content\/uploads\/2021\/03\/CASA-NOVA_EXT-e1616502231667.jpg","datePublished":"2025-02-19T00:00:25+00:00","inLanguage":"en-US","potentialAction":[{"@type":"ReadAction","target":["https:\/\/www.ericeiramag.pt\/at93-atelier-de-arquitectura-e-urbanismo\/"]}]},{"@type":"ImageObject","inLanguage":"en-US","@id":"https:\/\/www.ericeiramag.pt\/at93-atelier-de-arquitectura-e-urbanismo\/#primaryimage","url":"https:\/\/www.ericeiramag.pt\/wp-content\/uploads\/2021\/03\/CASA-NOVA_EXT-e1616502231667.jpg","contentUrl":"https:\/\/www.ericeiramag.pt\/wp-content\/uploads\/2021\/03\/CASA-NOVA_EXT-e1616502231667.jpg","width":1050,"height":724},{"@type":"WebSite","@id":"https:\/\/www.ericeiramag.pt\/#website","url":"https:\/\/www.ericeiramag.pt\/","name":"AZUL-ERICEIRA MAG | O melhor da Ericeira","description":"","publisher":{"@id":"https:\/\/www.ericeiramag.pt\/#organization"},"potentialAction":[{"@type":"SearchAction","target":{"@type":"EntryPoint","urlTemplate":"https:\/\/www.ericeiramag.pt\/?s={search_term_string}"},"query-input":{"@type":"PropertyValueSpecification","valueRequired":true,"valueName":"search_term_string"}}],"inLanguage":"en-US"},{"@type":"Organization","@id":"https:\/\/www.ericeiramag.pt\/#organization","name":"AZUL-ERICEIRA MAG | O melhor da Ericeira","url":"https:\/\/www.ericeiramag.pt\/","logo":{"@type":"ImageObject","inLanguage":"en-US","@id":"https:\/\/www.ericeiramag.pt\/#\/schema\/logo\/image\/","url":"https:\/\/www.ericeiramag.pt\/wp-content\/uploads\/2024\/03\/logo-branco.jpg","contentUrl":"https:\/\/www.ericeiramag.pt\/wp-content\/uploads\/2024\/03\/logo-branco.jpg","width":425,"height":283,"caption":"AZUL-ERICEIRA MAG | O melhor da Ericeira"},"image":{"@id":"https:\/\/www.ericeiramag.pt\/#\/schema\/logo\/image\/"},"sameAs":["https:\/\/www.facebook.com\/AZULericeiramag\/"]},{"@type":"Person","@id":"https:\/\/www.ericeiramag.pt\/#\/schema\/person\/772d0d7a332d2692f98da11f88677afd","name":"Rodrigo Williams","image":{"@type":"ImageObject","inLanguage":"en-US","@id":"https:\/\/www.ericeiramag.pt\/#\/schema\/person\/image\/","url":"https:\/\/secure.gravatar.com\/avatar\/b16e30836a09217884aa48b130989330?s=96&d=mm&r=g","contentUrl":"https:\/\/secure.gravatar.com\/avatar\/b16e30836a09217884aa48b130989330?s=96&d=mm&r=g","caption":"Rodrigo Williams"},"url":"https:\/\/www.ericeiramag.pt\/en"}]}},"_links":{"self":[{"href":"https:\/\/www.ericeiramag.pt\/en\/wp-json\/wp\/v2\/posts\/42518"}],"collection":[{"href":"https:\/\/www.ericeiramag.pt\/en\/wp-json\/wp\/v2\/posts"}],"about":[{"href":"https:\/\/www.ericeiramag.pt\/en\/wp-json\/wp\/v2\/types\/post"}],"author":[{"embeddable":true,"href":"https:\/\/www.ericeiramag.pt\/en\/wp-json\/wp\/v2\/users\/14"}],"replies":[{"embeddable":true,"href":"https:\/\/www.ericeiramag.pt\/en\/wp-json\/wp\/v2\/comments?post=42518"}],"version-history":[{"count":0,"href":"https:\/\/www.ericeiramag.pt\/en\/wp-json\/wp\/v2\/posts\/42518\/revisions"}],"wp:featuredmedia":[{"embeddable":true,"href":"https:\/\/www.ericeiramag.pt\/en\/wp-json\/wp\/v2\/media\/42306"}],"wp:attachment":[{"href":"https:\/\/www.ericeiramag.pt\/en\/wp-json\/wp\/v2\/media?parent=42518"}],"wp:term":[{"taxonomy":"category","embeddable":true,"href":"https:\/\/www.ericeiramag.pt\/en\/wp-json\/wp\/v2\/categories?post=42518"},{"taxonomy":"post_tag","embeddable":true,"href":"https:\/\/www.ericeiramag.pt\/en\/wp-json\/wp\/v2\/tags?post=42518"}],"curies":[{"name":"wp","href":"https:\/\/api.w.org\/{rel}","templated":true}]}}