{"id":41433,"date":"2021-02-03T06:00:50","date_gmt":"2021-02-03T06:00:50","guid":{"rendered":"https:\/\/www.ericeiramag.pt\/?p=41433\/"},"modified":"2021-02-03T11:29:42","modified_gmt":"2021-02-03T11:29:42","slug":"artisan-fishermen-of-ericeira-antonio-franco-alberto","status":"publish","type":"post","link":"https:\/\/www.ericeiramag.pt\/en\/artisan-fishermen-of-ericeira-antonio-franco-alberto\/","title":{"rendered":"Artisan Fishermen of Ericeira: Ant\u00f3nio Franco Alberto"},"content":{"rendered":"<p>&nbsp;<\/p>\n<p><strong>Text:<\/strong> Filipa Teles Carvalho | <strong>Photography:<\/strong> S\u00e9rgio Oliveira<\/p>\n<p>&nbsp;<\/p>\n<p><em>\u00abThere are men who walk in the sea as if walking on the street\u00bb<\/em> &#8211; Carlos Drummond de Andrade<\/p>\n<p>&nbsp;<\/p>\n<p>His \u201cfisherman&#8217;s hut\u201d is, seen from the inside, a frame for the sea. The boat (Toni Fernando) was received from his father, Master (Francisco Alberto) who was in Creoula, \u201ccodfishing\u201d. He calls him a hero and expresses devoted gratitude for values \u200b\u200bsuch as honesty and humility &#8211; which he conveyed to him. They are together every day. In addition to the nickname (Porras), he took the helm and the fishing life that he also inherited from several generations. Ant\u00f3nio Franco Alberto accepted them with seriousness and commitment. He never lacks faith, haste, a good word, a pure smile or a beautiful gesture. He is a proud father and husband and likes a good conversation. He became the youngest master in the country &#8211; interviewed as such for a television program dedicated to fishing. He likes to offer shells to children.<\/p>\n<blockquote><p><em>I always have God with me<\/em><\/p><\/blockquote>\n<p><strong>Maritime Identity<\/strong><\/p>\n<p>Ant\u00f3nio Francisco da Luz Franco Alberto, also known as \u2018Porras\u2019 or \u2018Ant\u00f3nio Porras\u2019<\/p>\n<p>Born on November 28, 1968, in Lisbon, S\u00e3o Jos\u00e9, Santa B\u00e1rbara, Pena.<\/p>\n<p>\u201cIn the sea\u201d since: Since I was little I come here, from my mother&#8217;s woumb. At the time of the festivities, the boats here always went to Assenta, to the S\u00e3o Jo\u00e3o&#8217;s festivities. My mother was pregnant and I was going with her. But since I was a child I remember, when I was five, six years old, that I would come to bring coffee (to the port) to my father and then would go to school. I&#8217;ve been here since I was 12 years old. I was young, at 12 and at 14, I already had a license and was already out to sea.<\/p>\n<p>Name of his boat: Toni Fernando &#8211; the best in the world! [laughs]. There may be better and bigger ones, but this is what takes me and brings me every day with God.<\/p>\n<p>Role he performs: Master.<\/p>\n<p>Fishing is: For me it is everything. And that&#8217;s what I like to do, it gives me enthusiasm &#8211; when the weather is good, I don&#8217;t mind going to the sea every day and work &#8211; even though we know that we only earn depending on what we catch\u2026 But fishing it&#8217;s really the tradition here in our village\u2026 it&#8217;s fishing &#8211; it&#8217;s nothing else.<\/p>\n<p><a href=\"https:\/\/www.ericeiramag.pt\/wp-content\/uploads\/2020\/04\/IMG_5400.jpg\"><img loading=\"lazy\" decoding=\"async\" class=\"size-full wp-image-38194 aligncenter colorbox-41433\" src=\"https:\/\/www.ericeiramag.pt\/wp-content\/uploads\/2020\/04\/IMG_5400.jpg\" alt=\"\" width=\"714\" height=\"744\" srcset=\"https:\/\/www.ericeiramag.pt\/wp-content\/uploads\/2020\/04\/IMG_5400.jpg 714w, https:\/\/www.ericeiramag.pt\/wp-content\/uploads\/2020\/04\/IMG_5400-288x300.jpg 288w, https:\/\/www.ericeiramag.pt\/wp-content\/uploads\/2020\/04\/IMG_5400-600x625.jpg 600w, https:\/\/www.ericeiramag.pt\/wp-content\/uploads\/2020\/04\/IMG_5400-557x580.jpg 557w\" sizes=\"(max-width: 714px) 100vw, 714px\" \/><\/a><\/p>\n<!-- AddThis Advanced Settings generic via filter on the_content --><!-- AddThis Share Buttons generic via filter on the_content -->","protected":false},"excerpt":{"rendered":"<p>The young master who followed the footsteps of the man of his life.<!-- AddThis Advanced Settings generic via filter on get_the_excerpt --><!-- AddThis Share Buttons generic via filter on get_the_excerpt --><\/p>\n","protected":false},"author":14,"featured_media":38252,"comment_status":"closed","ping_status":"closed","sticky":false,"template":"","format":"standard","meta":{"_monsterinsights_skip_tracking":false,"_monsterinsights_sitenote_active":false,"_monsterinsights_sitenote_note":"","_monsterinsights_sitenote_category":0,"footnotes":""},"categories":[117],"tags":[],"class_list":["post-41433","post","type-post","status-publish","format-standard","has-post-thumbnail","hentry","category-dna"],"yoast_head":"<!-- This site is optimized with the Yoast SEO plugin v25.5 - https:\/\/yoast.com\/wordpress\/plugins\/seo\/ -->\n<title>Artisan Fishermen of Ericeira: Ant\u00f3nio Franco Alberto - AZUL-ERICEIRA MAG | O melhor da Ericeira<\/title>\n<meta name=\"robots\" content=\"index, follow, max-snippet:-1, max-image-preview:large, max-video-preview:-1\" \/>\n<link rel=\"canonical\" href=\"https:\/\/www.ericeiramag.pt\/en\/artisan-fishermen-of-ericeira-antonio-franco-alberto\/\" \/>\n<meta property=\"og:locale\" content=\"en_US\" \/>\n<meta property=\"og:type\" content=\"article\" \/>\n<meta property=\"og:title\" content=\"Artisan Fishermen of Ericeira: Ant\u00f3nio Franco Alberto - AZUL-ERICEIRA MAG | O melhor da Ericeira\" \/>\n<meta property=\"og:description\" content=\"The young master who followed the footsteps of the man of his life.\" \/>\n<meta property=\"og:url\" content=\"https:\/\/www.ericeiramag.pt\/en\/artisan-fishermen-of-ericeira-antonio-franco-alberto\/\" \/>\n<meta property=\"og:site_name\" content=\"AZUL-ERICEIRA MAG | O melhor da Ericeira\" \/>\n<meta property=\"article:publisher\" content=\"https:\/\/www.facebook.com\/AZULericeiramag\/\" \/>\n<meta property=\"article:published_time\" content=\"2021-02-03T06:00:50+00:00\" \/>\n<meta property=\"article:modified_time\" content=\"2021-02-03T11:29:42+00:00\" \/>\n<meta property=\"og:image\" content=\"https:\/\/www.ericeiramag.pt\/wp-content\/uploads\/2020\/04\/Ant\u00f3nio-Franco-Alberto-T\u00f3-Pesca-Franco-Barco-Toni-Fernando-ph.-S\u00e9rgio-Oliveira-e1588237705869.jpg\" \/>\n\t<meta property=\"og:image:width\" content=\"1050\" \/>\n\t<meta property=\"og:image:height\" content=\"700\" \/>\n\t<meta property=\"og:image:type\" content=\"image\/jpeg\" \/>\n<meta name=\"author\" content=\"Rodrigo Williams\" \/>\n<meta name=\"twitter:label1\" content=\"Written by\" \/>\n\t<meta name=\"twitter:data1\" content=\"Rodrigo Williams\" \/>\n\t<meta name=\"twitter:label2\" content=\"Est. reading time\" \/>\n\t<meta name=\"twitter:data2\" content=\"2 minutes\" \/>\n<script type=\"application\/ld+json\" class=\"yoast-schema-graph\">{\"@context\":\"https:\/\/schema.org\",\"@graph\":[{\"@type\":\"Article\",\"@id\":\"https:\/\/www.ericeiramag.pt\/en\/artisan-fishermen-of-ericeira-antonio-franco-alberto\/#article\",\"isPartOf\":{\"@id\":\"https:\/\/www.ericeiramag.pt\/en\/artisan-fishermen-of-ericeira-antonio-franco-alberto\/\"},\"author\":{\"name\":\"Rodrigo Williams\",\"@id\":\"https:\/\/www.ericeiramag.pt\/#\/schema\/person\/772d0d7a332d2692f98da11f88677afd\"},\"headline\":\"Artisan Fishermen of Ericeira: Ant\u00f3nio Franco Alberto\",\"datePublished\":\"2021-02-03T06:00:50+00:00\",\"dateModified\":\"2021-02-03T11:29:42+00:00\",\"mainEntityOfPage\":{\"@id\":\"https:\/\/www.ericeiramag.pt\/en\/artisan-fishermen-of-ericeira-antonio-franco-alberto\/\"},\"wordCount\":420,\"publisher\":{\"@id\":\"https:\/\/www.ericeiramag.pt\/#organization\"},\"image\":{\"@id\":\"https:\/\/www.ericeiramag.pt\/en\/artisan-fishermen-of-ericeira-antonio-franco-alberto\/#primaryimage\"},\"thumbnailUrl\":\"https:\/\/www.ericeiramag.pt\/wp-content\/uploads\/2020\/04\/Ant\u00f3nio-Franco-Alberto-T\u00f3-Pesca-Franco-Barco-Toni-Fernando-ph.-S\u00e9rgio-Oliveira-e1588237705869.jpg\",\"articleSection\":[\"DNA\"],\"inLanguage\":\"en-US\"},{\"@type\":\"WebPage\",\"@id\":\"https:\/\/www.ericeiramag.pt\/en\/artisan-fishermen-of-ericeira-antonio-franco-alberto\/\",\"url\":\"https:\/\/www.ericeiramag.pt\/en\/artisan-fishermen-of-ericeira-antonio-franco-alberto\/\",\"name\":\"Artisan Fishermen of Ericeira: Ant\u00f3nio Franco Alberto - AZUL-ERICEIRA MAG | O melhor da Ericeira\",\"isPartOf\":{\"@id\":\"https:\/\/www.ericeiramag.pt\/#website\"},\"primaryImageOfPage\":{\"@id\":\"https:\/\/www.ericeiramag.pt\/en\/artisan-fishermen-of-ericeira-antonio-franco-alberto\/#primaryimage\"},\"image\":{\"@id\":\"https:\/\/www.ericeiramag.pt\/en\/artisan-fishermen-of-ericeira-antonio-franco-alberto\/#primaryimage\"},\"thumbnailUrl\":\"https:\/\/www.ericeiramag.pt\/wp-content\/uploads\/2020\/04\/Ant\u00f3nio-Franco-Alberto-T\u00f3-Pesca-Franco-Barco-Toni-Fernando-ph.-S\u00e9rgio-Oliveira-e1588237705869.jpg\",\"datePublished\":\"2021-02-03T06:00:50+00:00\",\"dateModified\":\"2021-02-03T11:29:42+00:00\",\"inLanguage\":\"en-US\",\"potentialAction\":[{\"@type\":\"ReadAction\",\"target\":[\"https:\/\/www.ericeiramag.pt\/en\/artisan-fishermen-of-ericeira-antonio-franco-alberto\/\"]}]},{\"@type\":\"ImageObject\",\"inLanguage\":\"en-US\",\"@id\":\"https:\/\/www.ericeiramag.pt\/en\/artisan-fishermen-of-ericeira-antonio-franco-alberto\/#primaryimage\",\"url\":\"https:\/\/www.ericeiramag.pt\/wp-content\/uploads\/2020\/04\/Ant\u00f3nio-Franco-Alberto-T\u00f3-Pesca-Franco-Barco-Toni-Fernando-ph.-S\u00e9rgio-Oliveira-e1588237705869.jpg\",\"contentUrl\":\"https:\/\/www.ericeiramag.pt\/wp-content\/uploads\/2020\/04\/Ant\u00f3nio-Franco-Alberto-T\u00f3-Pesca-Franco-Barco-Toni-Fernando-ph.-S\u00e9rgio-Oliveira-e1588237705869.jpg\",\"width\":1050,\"height\":700},{\"@type\":\"WebSite\",\"@id\":\"https:\/\/www.ericeiramag.pt\/#website\",\"url\":\"https:\/\/www.ericeiramag.pt\/\",\"name\":\"AZUL-ERICEIRA MAG | O melhor da Ericeira\",\"description\":\"\",\"publisher\":{\"@id\":\"https:\/\/www.ericeiramag.pt\/#organization\"},\"potentialAction\":[{\"@type\":\"SearchAction\",\"target\":{\"@type\":\"EntryPoint\",\"urlTemplate\":\"https:\/\/www.ericeiramag.pt\/?s={search_term_string}\"},\"query-input\":{\"@type\":\"PropertyValueSpecification\",\"valueRequired\":true,\"valueName\":\"search_term_string\"}}],\"inLanguage\":\"en-US\"},{\"@type\":\"Organization\",\"@id\":\"https:\/\/www.ericeiramag.pt\/#organization\",\"name\":\"AZUL-ERICEIRA MAG | O melhor da Ericeira\",\"url\":\"https:\/\/www.ericeiramag.pt\/\",\"logo\":{\"@type\":\"ImageObject\",\"inLanguage\":\"en-US\",\"@id\":\"https:\/\/www.ericeiramag.pt\/#\/schema\/logo\/image\/\",\"url\":\"https:\/\/www.ericeiramag.pt\/wp-content\/uploads\/2024\/03\/logo-branco.jpg\",\"contentUrl\":\"https:\/\/www.ericeiramag.pt\/wp-content\/uploads\/2024\/03\/logo-branco.jpg\",\"width\":425,\"height\":283,\"caption\":\"AZUL-ERICEIRA MAG | O melhor da Ericeira\"},\"image\":{\"@id\":\"https:\/\/www.ericeiramag.pt\/#\/schema\/logo\/image\/\"},\"sameAs\":[\"https:\/\/www.facebook.com\/AZULericeiramag\/\"]},{\"@type\":\"Person\",\"@id\":\"https:\/\/www.ericeiramag.pt\/#\/schema\/person\/772d0d7a332d2692f98da11f88677afd\",\"name\":\"Rodrigo Williams\",\"image\":{\"@type\":\"ImageObject\",\"inLanguage\":\"en-US\",\"@id\":\"https:\/\/www.ericeiramag.pt\/#\/schema\/person\/image\/\",\"url\":\"https:\/\/secure.gravatar.com\/avatar\/b16e30836a09217884aa48b130989330?s=96&d=mm&r=g\",\"contentUrl\":\"https:\/\/secure.gravatar.com\/avatar\/b16e30836a09217884aa48b130989330?s=96&d=mm&r=g\",\"caption\":\"Rodrigo Williams\"},\"url\":\"https:\/\/www.ericeiramag.pt\/en\"}]}<\/script>\n<!-- \/ Yoast SEO plugin. -->","yoast_head_json":{"title":"Artisan Fishermen of Ericeira: Ant\u00f3nio Franco Alberto - AZUL-ERICEIRA MAG | O melhor da Ericeira","robots":{"index":"index","follow":"follow","max-snippet":"max-snippet:-1","max-image-preview":"max-image-preview:large","max-video-preview":"max-video-preview:-1"},"canonical":"https:\/\/www.ericeiramag.pt\/en\/artisan-fishermen-of-ericeira-antonio-franco-alberto\/","og_locale":"en_US","og_type":"article","og_title":"Artisan Fishermen of Ericeira: Ant\u00f3nio Franco Alberto - AZUL-ERICEIRA MAG | O melhor da Ericeira","og_description":"The young master who followed the footsteps of the man of his life.","og_url":"https:\/\/www.ericeiramag.pt\/en\/artisan-fishermen-of-ericeira-antonio-franco-alberto\/","og_site_name":"AZUL-ERICEIRA MAG | O melhor da Ericeira","article_publisher":"https:\/\/www.facebook.com\/AZULericeiramag\/","article_published_time":"2021-02-03T06:00:50+00:00","article_modified_time":"2021-02-03T11:29:42+00:00","og_image":[{"width":1050,"height":700,"url":"https:\/\/www.ericeiramag.pt\/wp-content\/uploads\/2020\/04\/Ant\u00f3nio-Franco-Alberto-T\u00f3-Pesca-Franco-Barco-Toni-Fernando-ph.-S\u00e9rgio-Oliveira-e1588237705869.jpg","type":"image\/jpeg"}],"author":"Rodrigo Williams","twitter_misc":{"Written by":"Rodrigo Williams","Est. reading time":"2 minutes"},"schema":{"@context":"https:\/\/schema.org","@graph":[{"@type":"Article","@id":"https:\/\/www.ericeiramag.pt\/en\/artisan-fishermen-of-ericeira-antonio-franco-alberto\/#article","isPartOf":{"@id":"https:\/\/www.ericeiramag.pt\/en\/artisan-fishermen-of-ericeira-antonio-franco-alberto\/"},"author":{"name":"Rodrigo Williams","@id":"https:\/\/www.ericeiramag.pt\/#\/schema\/person\/772d0d7a332d2692f98da11f88677afd"},"headline":"Artisan Fishermen of Ericeira: Ant\u00f3nio Franco Alberto","datePublished":"2021-02-03T06:00:50+00:00","dateModified":"2021-02-03T11:29:42+00:00","mainEntityOfPage":{"@id":"https:\/\/www.ericeiramag.pt\/en\/artisan-fishermen-of-ericeira-antonio-franco-alberto\/"},"wordCount":420,"publisher":{"@id":"https:\/\/www.ericeiramag.pt\/#organization"},"image":{"@id":"https:\/\/www.ericeiramag.pt\/en\/artisan-fishermen-of-ericeira-antonio-franco-alberto\/#primaryimage"},"thumbnailUrl":"https:\/\/www.ericeiramag.pt\/wp-content\/uploads\/2020\/04\/Ant\u00f3nio-Franco-Alberto-T\u00f3-Pesca-Franco-Barco-Toni-Fernando-ph.-S\u00e9rgio-Oliveira-e1588237705869.jpg","articleSection":["DNA"],"inLanguage":"en-US"},{"@type":"WebPage","@id":"https:\/\/www.ericeiramag.pt\/en\/artisan-fishermen-of-ericeira-antonio-franco-alberto\/","url":"https:\/\/www.ericeiramag.pt\/en\/artisan-fishermen-of-ericeira-antonio-franco-alberto\/","name":"Artisan Fishermen of Ericeira: Ant\u00f3nio Franco Alberto - AZUL-ERICEIRA MAG | O melhor da Ericeira","isPartOf":{"@id":"https:\/\/www.ericeiramag.pt\/#website"},"primaryImageOfPage":{"@id":"https:\/\/www.ericeiramag.pt\/en\/artisan-fishermen-of-ericeira-antonio-franco-alberto\/#primaryimage"},"image":{"@id":"https:\/\/www.ericeiramag.pt\/en\/artisan-fishermen-of-ericeira-antonio-franco-alberto\/#primaryimage"},"thumbnailUrl":"https:\/\/www.ericeiramag.pt\/wp-content\/uploads\/2020\/04\/Ant\u00f3nio-Franco-Alberto-T\u00f3-Pesca-Franco-Barco-Toni-Fernando-ph.-S\u00e9rgio-Oliveira-e1588237705869.jpg","datePublished":"2021-02-03T06:00:50+00:00","dateModified":"2021-02-03T11:29:42+00:00","inLanguage":"en-US","potentialAction":[{"@type":"ReadAction","target":["https:\/\/www.ericeiramag.pt\/en\/artisan-fishermen-of-ericeira-antonio-franco-alberto\/"]}]},{"@type":"ImageObject","inLanguage":"en-US","@id":"https:\/\/www.ericeiramag.pt\/en\/artisan-fishermen-of-ericeira-antonio-franco-alberto\/#primaryimage","url":"https:\/\/www.ericeiramag.pt\/wp-content\/uploads\/2020\/04\/Ant\u00f3nio-Franco-Alberto-T\u00f3-Pesca-Franco-Barco-Toni-Fernando-ph.-S\u00e9rgio-Oliveira-e1588237705869.jpg","contentUrl":"https:\/\/www.ericeiramag.pt\/wp-content\/uploads\/2020\/04\/Ant\u00f3nio-Franco-Alberto-T\u00f3-Pesca-Franco-Barco-Toni-Fernando-ph.-S\u00e9rgio-Oliveira-e1588237705869.jpg","width":1050,"height":700},{"@type":"WebSite","@id":"https:\/\/www.ericeiramag.pt\/#website","url":"https:\/\/www.ericeiramag.pt\/","name":"AZUL-ERICEIRA MAG | O melhor da Ericeira","description":"","publisher":{"@id":"https:\/\/www.ericeiramag.pt\/#organization"},"potentialAction":[{"@type":"SearchAction","target":{"@type":"EntryPoint","urlTemplate":"https:\/\/www.ericeiramag.pt\/?s={search_term_string}"},"query-input":{"@type":"PropertyValueSpecification","valueRequired":true,"valueName":"search_term_string"}}],"inLanguage":"en-US"},{"@type":"Organization","@id":"https:\/\/www.ericeiramag.pt\/#organization","name":"AZUL-ERICEIRA MAG | O melhor da Ericeira","url":"https:\/\/www.ericeiramag.pt\/","logo":{"@type":"ImageObject","inLanguage":"en-US","@id":"https:\/\/www.ericeiramag.pt\/#\/schema\/logo\/image\/","url":"https:\/\/www.ericeiramag.pt\/wp-content\/uploads\/2024\/03\/logo-branco.jpg","contentUrl":"https:\/\/www.ericeiramag.pt\/wp-content\/uploads\/2024\/03\/logo-branco.jpg","width":425,"height":283,"caption":"AZUL-ERICEIRA MAG | O melhor da Ericeira"},"image":{"@id":"https:\/\/www.ericeiramag.pt\/#\/schema\/logo\/image\/"},"sameAs":["https:\/\/www.facebook.com\/AZULericeiramag\/"]},{"@type":"Person","@id":"https:\/\/www.ericeiramag.pt\/#\/schema\/person\/772d0d7a332d2692f98da11f88677afd","name":"Rodrigo Williams","image":{"@type":"ImageObject","inLanguage":"en-US","@id":"https:\/\/www.ericeiramag.pt\/#\/schema\/person\/image\/","url":"https:\/\/secure.gravatar.com\/avatar\/b16e30836a09217884aa48b130989330?s=96&d=mm&r=g","contentUrl":"https:\/\/secure.gravatar.com\/avatar\/b16e30836a09217884aa48b130989330?s=96&d=mm&r=g","caption":"Rodrigo Williams"},"url":"https:\/\/www.ericeiramag.pt\/en"}]}},"_links":{"self":[{"href":"https:\/\/www.ericeiramag.pt\/en\/wp-json\/wp\/v2\/posts\/41433"}],"collection":[{"href":"https:\/\/www.ericeiramag.pt\/en\/wp-json\/wp\/v2\/posts"}],"about":[{"href":"https:\/\/www.ericeiramag.pt\/en\/wp-json\/wp\/v2\/types\/post"}],"author":[{"embeddable":true,"href":"https:\/\/www.ericeiramag.pt\/en\/wp-json\/wp\/v2\/users\/14"}],"replies":[{"embeddable":true,"href":"https:\/\/www.ericeiramag.pt\/en\/wp-json\/wp\/v2\/comments?post=41433"}],"version-history":[{"count":0,"href":"https:\/\/www.ericeiramag.pt\/en\/wp-json\/wp\/v2\/posts\/41433\/revisions"}],"wp:featuredmedia":[{"embeddable":true,"href":"https:\/\/www.ericeiramag.pt\/en\/wp-json\/wp\/v2\/media\/38252"}],"wp:attachment":[{"href":"https:\/\/www.ericeiramag.pt\/en\/wp-json\/wp\/v2\/media?parent=41433"}],"wp:term":[{"taxonomy":"category","embeddable":true,"href":"https:\/\/www.ericeiramag.pt\/en\/wp-json\/wp\/v2\/categories?post=41433"},{"taxonomy":"post_tag","embeddable":true,"href":"https:\/\/www.ericeiramag.pt\/en\/wp-json\/wp\/v2\/tags?post=41433"}],"curies":[{"name":"wp","href":"https:\/\/api.w.org\/{rel}","templated":true}]}}