{"id":40896,"date":"2020-12-02T05:25:41","date_gmt":"2020-12-02T05:25:41","guid":{"rendered":"http:\/\/www.ericeiramag.pt\/?p=40896\/"},"modified":"2020-11-30T16:25:13","modified_gmt":"2020-11-30T16:25:13","slug":"ericeiras-santa-casa-da-misericordia-highlighted-by-portuguese-radio-tsf","status":"publish","type":"post","link":"https:\/\/www.ericeiramag.pt\/en\/ericeiras-santa-casa-da-misericordia-highlighted-by-portuguese-radio-tsf\/","title":{"rendered":"Ericeira&#8217;s Santa Casa da Miseric\u00f3rdia highlighted by Portuguese radio TSF"},"content":{"rendered":"<p>&nbsp;<\/p>\n<p><strong>Photography:<\/strong> RR<\/p>\n<p>&nbsp;<\/p>\n<p>Among the valences of Santa Casa da Miseric\u00f3rdia da Vila da Ericeira (SCMVE) are home support, the nursing home, the day centre and assisted residences. This institution with more than three centuries of existence also helps more than one hundred families in collaboration with the Food Bank against Hunger.<\/p>\n<p>In the article entitled \u201cA lighthouse in Ericeira shining since 1678\u201d (Um farol na Ericeira a brilhar desde 1678, original title), published on the Portuguese radio TSF website, its social support mission stands out.<\/p>\n<blockquote><p><em>Santa Casa da Ericeira has dealt with other pandemics in the past<\/em><\/p><\/blockquote>\n<p>This article by R\u00e1dio Not\u00edcias also includes a video, where the SCMVE Ombudsman speaks from the Elderly Welfare Center: Jo\u00e3o Gil recalls that this institution has had to deal with other pandemics, in addition to the current one caused by the new Coronavirus, for more than three centuries of history &#8211; it turns 342 years old in December.<\/p>\n<p>This video also talks about the help that Ericeira&#8217;s Santa Casa used recently, through measures promoted by the Institute of Employment and Professional Training.<\/p>\n<p>You can read the original article in full and watch the respective video <a href=\"https:\/\/www.tsf.pt\/especiais\/iefp---fazer-futuro\/um-farol-na-ericeira-a-brilhar-desde-1678-12994094.html?fbclid=IwAR2oQdL0buMhvv4bQwRj2Esqh_o9XLuWCCy23GwTar3GUuPcBOs2y3qb0tc\" target=\"_blank\" rel=\"noopener noreferrer\">here<\/a>.<\/p>\n<!-- AddThis Advanced Settings generic via filter on the_content --><!-- AddThis Share Buttons generic via filter on the_content -->","protected":false},"excerpt":{"rendered":"<p>The mission of social support performed by this institution has more than three centuries of history.<!-- AddThis Advanced Settings generic via filter on get_the_excerpt --><!-- AddThis Share Buttons generic via filter on get_the_excerpt --><\/p>\n","protected":false},"author":14,"featured_media":40670,"comment_status":"closed","ping_status":"closed","sticky":false,"template":"","format":"standard","meta":{"_monsterinsights_skip_tracking":false,"_monsterinsights_sitenote_active":false,"_monsterinsights_sitenote_note":"","_monsterinsights_sitenote_category":0,"footnotes":""},"categories":[70],"tags":[],"class_list":["post-40896","post","type-post","status-publish","format-standard","has-post-thumbnail","hentry","category-society"],"yoast_head":"<!-- This site is optimized with the Yoast SEO plugin v25.5 - https:\/\/yoast.com\/wordpress\/plugins\/seo\/ -->\n<title>Ericeira&#039;s Santa Casa da Miseric\u00f3rdia highlighted by Portuguese radio TSF - AZUL-ERICEIRA MAG | O melhor da Ericeira<\/title>\n<meta name=\"robots\" content=\"index, follow, max-snippet:-1, max-image-preview:large, max-video-preview:-1\" \/>\n<link rel=\"canonical\" href=\"https:\/\/www.ericeiramag.pt\/en\/ericeiras-santa-casa-da-misericordia-highlighted-by-portuguese-radio-tsf\/\" \/>\n<meta property=\"og:locale\" content=\"en_US\" \/>\n<meta property=\"og:type\" content=\"article\" \/>\n<meta property=\"og:title\" content=\"Ericeira&#039;s Santa Casa da Miseric\u00f3rdia highlighted by Portuguese radio TSF - AZUL-ERICEIRA MAG | O melhor da Ericeira\" \/>\n<meta property=\"og:description\" content=\"The mission of social support performed by this institution has more than three centuries of history.\" \/>\n<meta property=\"og:url\" content=\"https:\/\/www.ericeiramag.pt\/en\/ericeiras-santa-casa-da-misericordia-highlighted-by-portuguese-radio-tsf\/\" \/>\n<meta property=\"og:site_name\" content=\"AZUL-ERICEIRA MAG | O melhor da Ericeira\" \/>\n<meta property=\"article:publisher\" content=\"https:\/\/www.facebook.com\/AZULericeiramag\/\" \/>\n<meta property=\"article:published_time\" content=\"2020-12-02T05:25:41+00:00\" \/>\n<meta property=\"og:image\" content=\"https:\/\/www.ericeiramag.pt\/wp-content\/uploads\/2020\/11\/Santa-Casa-Miseric\u00f3rdia-da-Ericeira-ph.-DR-e1604575483258.jpg\" \/>\n\t<meta property=\"og:image:width\" content=\"1050\" \/>\n\t<meta property=\"og:image:height\" content=\"1050\" \/>\n\t<meta property=\"og:image:type\" content=\"image\/jpeg\" \/>\n<meta name=\"author\" content=\"Rodrigo Williams\" \/>\n<meta name=\"twitter:label1\" content=\"Written by\" \/>\n\t<meta name=\"twitter:data1\" content=\"Rodrigo Williams\" \/>\n\t<meta name=\"twitter:label2\" content=\"Est. reading time\" \/>\n\t<meta name=\"twitter:data2\" content=\"1 minute\" \/>\n<script type=\"application\/ld+json\" class=\"yoast-schema-graph\">{\"@context\":\"https:\/\/schema.org\",\"@graph\":[{\"@type\":\"Article\",\"@id\":\"https:\/\/www.ericeiramag.pt\/en\/ericeiras-santa-casa-da-misericordia-highlighted-by-portuguese-radio-tsf\/#article\",\"isPartOf\":{\"@id\":\"https:\/\/www.ericeiramag.pt\/en\/ericeiras-santa-casa-da-misericordia-highlighted-by-portuguese-radio-tsf\/\"},\"author\":{\"name\":\"Rodrigo Williams\",\"@id\":\"https:\/\/www.ericeiramag.pt\/#\/schema\/person\/772d0d7a332d2692f98da11f88677afd\"},\"headline\":\"Ericeira&#8217;s Santa Casa da Miseric\u00f3rdia highlighted by Portuguese radio TSF\",\"datePublished\":\"2020-12-02T05:25:41+00:00\",\"mainEntityOfPage\":{\"@id\":\"https:\/\/www.ericeiramag.pt\/en\/ericeiras-santa-casa-da-misericordia-highlighted-by-portuguese-radio-tsf\/\"},\"wordCount\":207,\"publisher\":{\"@id\":\"https:\/\/www.ericeiramag.pt\/#organization\"},\"image\":{\"@id\":\"https:\/\/www.ericeiramag.pt\/en\/ericeiras-santa-casa-da-misericordia-highlighted-by-portuguese-radio-tsf\/#primaryimage\"},\"thumbnailUrl\":\"https:\/\/www.ericeiramag.pt\/wp-content\/uploads\/2020\/11\/Santa-Casa-Miseric\u00f3rdia-da-Ericeira-ph.-DR-e1604575483258.jpg\",\"articleSection\":[\"society\"],\"inLanguage\":\"en-US\"},{\"@type\":\"WebPage\",\"@id\":\"https:\/\/www.ericeiramag.pt\/en\/ericeiras-santa-casa-da-misericordia-highlighted-by-portuguese-radio-tsf\/\",\"url\":\"https:\/\/www.ericeiramag.pt\/en\/ericeiras-santa-casa-da-misericordia-highlighted-by-portuguese-radio-tsf\/\",\"name\":\"Ericeira's Santa Casa da Miseric\u00f3rdia highlighted by Portuguese radio TSF - AZUL-ERICEIRA MAG | O melhor da Ericeira\",\"isPartOf\":{\"@id\":\"https:\/\/www.ericeiramag.pt\/#website\"},\"primaryImageOfPage\":{\"@id\":\"https:\/\/www.ericeiramag.pt\/en\/ericeiras-santa-casa-da-misericordia-highlighted-by-portuguese-radio-tsf\/#primaryimage\"},\"image\":{\"@id\":\"https:\/\/www.ericeiramag.pt\/en\/ericeiras-santa-casa-da-misericordia-highlighted-by-portuguese-radio-tsf\/#primaryimage\"},\"thumbnailUrl\":\"https:\/\/www.ericeiramag.pt\/wp-content\/uploads\/2020\/11\/Santa-Casa-Miseric\u00f3rdia-da-Ericeira-ph.-DR-e1604575483258.jpg\",\"datePublished\":\"2020-12-02T05:25:41+00:00\",\"inLanguage\":\"en-US\",\"potentialAction\":[{\"@type\":\"ReadAction\",\"target\":[\"https:\/\/www.ericeiramag.pt\/en\/ericeiras-santa-casa-da-misericordia-highlighted-by-portuguese-radio-tsf\/\"]}]},{\"@type\":\"ImageObject\",\"inLanguage\":\"en-US\",\"@id\":\"https:\/\/www.ericeiramag.pt\/en\/ericeiras-santa-casa-da-misericordia-highlighted-by-portuguese-radio-tsf\/#primaryimage\",\"url\":\"https:\/\/www.ericeiramag.pt\/wp-content\/uploads\/2020\/11\/Santa-Casa-Miseric\u00f3rdia-da-Ericeira-ph.-DR-e1604575483258.jpg\",\"contentUrl\":\"https:\/\/www.ericeiramag.pt\/wp-content\/uploads\/2020\/11\/Santa-Casa-Miseric\u00f3rdia-da-Ericeira-ph.-DR-e1604575483258.jpg\",\"width\":1050,\"height\":1050},{\"@type\":\"WebSite\",\"@id\":\"https:\/\/www.ericeiramag.pt\/#website\",\"url\":\"https:\/\/www.ericeiramag.pt\/\",\"name\":\"AZUL-ERICEIRA MAG | O melhor da Ericeira\",\"description\":\"\",\"publisher\":{\"@id\":\"https:\/\/www.ericeiramag.pt\/#organization\"},\"potentialAction\":[{\"@type\":\"SearchAction\",\"target\":{\"@type\":\"EntryPoint\",\"urlTemplate\":\"https:\/\/www.ericeiramag.pt\/?s={search_term_string}\"},\"query-input\":{\"@type\":\"PropertyValueSpecification\",\"valueRequired\":true,\"valueName\":\"search_term_string\"}}],\"inLanguage\":\"en-US\"},{\"@type\":\"Organization\",\"@id\":\"https:\/\/www.ericeiramag.pt\/#organization\",\"name\":\"AZUL-ERICEIRA MAG | O melhor da Ericeira\",\"url\":\"https:\/\/www.ericeiramag.pt\/\",\"logo\":{\"@type\":\"ImageObject\",\"inLanguage\":\"en-US\",\"@id\":\"https:\/\/www.ericeiramag.pt\/#\/schema\/logo\/image\/\",\"url\":\"https:\/\/www.ericeiramag.pt\/wp-content\/uploads\/2024\/03\/logo-branco.jpg\",\"contentUrl\":\"https:\/\/www.ericeiramag.pt\/wp-content\/uploads\/2024\/03\/logo-branco.jpg\",\"width\":425,\"height\":283,\"caption\":\"AZUL-ERICEIRA MAG | O melhor da Ericeira\"},\"image\":{\"@id\":\"https:\/\/www.ericeiramag.pt\/#\/schema\/logo\/image\/\"},\"sameAs\":[\"https:\/\/www.facebook.com\/AZULericeiramag\/\"]},{\"@type\":\"Person\",\"@id\":\"https:\/\/www.ericeiramag.pt\/#\/schema\/person\/772d0d7a332d2692f98da11f88677afd\",\"name\":\"Rodrigo Williams\",\"image\":{\"@type\":\"ImageObject\",\"inLanguage\":\"en-US\",\"@id\":\"https:\/\/www.ericeiramag.pt\/#\/schema\/person\/image\/\",\"url\":\"https:\/\/secure.gravatar.com\/avatar\/b16e30836a09217884aa48b130989330?s=96&d=mm&r=g\",\"contentUrl\":\"https:\/\/secure.gravatar.com\/avatar\/b16e30836a09217884aa48b130989330?s=96&d=mm&r=g\",\"caption\":\"Rodrigo Williams\"},\"url\":\"https:\/\/www.ericeiramag.pt\/en\"}]}<\/script>\n<!-- \/ Yoast SEO plugin. -->","yoast_head_json":{"title":"Ericeira's Santa Casa da Miseric\u00f3rdia highlighted by Portuguese radio TSF - AZUL-ERICEIRA MAG | O melhor da Ericeira","robots":{"index":"index","follow":"follow","max-snippet":"max-snippet:-1","max-image-preview":"max-image-preview:large","max-video-preview":"max-video-preview:-1"},"canonical":"https:\/\/www.ericeiramag.pt\/en\/ericeiras-santa-casa-da-misericordia-highlighted-by-portuguese-radio-tsf\/","og_locale":"en_US","og_type":"article","og_title":"Ericeira's Santa Casa da Miseric\u00f3rdia highlighted by Portuguese radio TSF - AZUL-ERICEIRA MAG | O melhor da Ericeira","og_description":"The mission of social support performed by this institution has more than three centuries of history.","og_url":"https:\/\/www.ericeiramag.pt\/en\/ericeiras-santa-casa-da-misericordia-highlighted-by-portuguese-radio-tsf\/","og_site_name":"AZUL-ERICEIRA MAG | O melhor da Ericeira","article_publisher":"https:\/\/www.facebook.com\/AZULericeiramag\/","article_published_time":"2020-12-02T05:25:41+00:00","og_image":[{"width":1050,"height":1050,"url":"https:\/\/www.ericeiramag.pt\/wp-content\/uploads\/2020\/11\/Santa-Casa-Miseric\u00f3rdia-da-Ericeira-ph.-DR-e1604575483258.jpg","type":"image\/jpeg"}],"author":"Rodrigo Williams","twitter_misc":{"Written by":"Rodrigo Williams","Est. reading time":"1 minute"},"schema":{"@context":"https:\/\/schema.org","@graph":[{"@type":"Article","@id":"https:\/\/www.ericeiramag.pt\/en\/ericeiras-santa-casa-da-misericordia-highlighted-by-portuguese-radio-tsf\/#article","isPartOf":{"@id":"https:\/\/www.ericeiramag.pt\/en\/ericeiras-santa-casa-da-misericordia-highlighted-by-portuguese-radio-tsf\/"},"author":{"name":"Rodrigo Williams","@id":"https:\/\/www.ericeiramag.pt\/#\/schema\/person\/772d0d7a332d2692f98da11f88677afd"},"headline":"Ericeira&#8217;s Santa Casa da Miseric\u00f3rdia highlighted by Portuguese radio TSF","datePublished":"2020-12-02T05:25:41+00:00","mainEntityOfPage":{"@id":"https:\/\/www.ericeiramag.pt\/en\/ericeiras-santa-casa-da-misericordia-highlighted-by-portuguese-radio-tsf\/"},"wordCount":207,"publisher":{"@id":"https:\/\/www.ericeiramag.pt\/#organization"},"image":{"@id":"https:\/\/www.ericeiramag.pt\/en\/ericeiras-santa-casa-da-misericordia-highlighted-by-portuguese-radio-tsf\/#primaryimage"},"thumbnailUrl":"https:\/\/www.ericeiramag.pt\/wp-content\/uploads\/2020\/11\/Santa-Casa-Miseric\u00f3rdia-da-Ericeira-ph.-DR-e1604575483258.jpg","articleSection":["society"],"inLanguage":"en-US"},{"@type":"WebPage","@id":"https:\/\/www.ericeiramag.pt\/en\/ericeiras-santa-casa-da-misericordia-highlighted-by-portuguese-radio-tsf\/","url":"https:\/\/www.ericeiramag.pt\/en\/ericeiras-santa-casa-da-misericordia-highlighted-by-portuguese-radio-tsf\/","name":"Ericeira's Santa Casa da Miseric\u00f3rdia highlighted by Portuguese radio TSF - AZUL-ERICEIRA MAG | O melhor da Ericeira","isPartOf":{"@id":"https:\/\/www.ericeiramag.pt\/#website"},"primaryImageOfPage":{"@id":"https:\/\/www.ericeiramag.pt\/en\/ericeiras-santa-casa-da-misericordia-highlighted-by-portuguese-radio-tsf\/#primaryimage"},"image":{"@id":"https:\/\/www.ericeiramag.pt\/en\/ericeiras-santa-casa-da-misericordia-highlighted-by-portuguese-radio-tsf\/#primaryimage"},"thumbnailUrl":"https:\/\/www.ericeiramag.pt\/wp-content\/uploads\/2020\/11\/Santa-Casa-Miseric\u00f3rdia-da-Ericeira-ph.-DR-e1604575483258.jpg","datePublished":"2020-12-02T05:25:41+00:00","inLanguage":"en-US","potentialAction":[{"@type":"ReadAction","target":["https:\/\/www.ericeiramag.pt\/en\/ericeiras-santa-casa-da-misericordia-highlighted-by-portuguese-radio-tsf\/"]}]},{"@type":"ImageObject","inLanguage":"en-US","@id":"https:\/\/www.ericeiramag.pt\/en\/ericeiras-santa-casa-da-misericordia-highlighted-by-portuguese-radio-tsf\/#primaryimage","url":"https:\/\/www.ericeiramag.pt\/wp-content\/uploads\/2020\/11\/Santa-Casa-Miseric\u00f3rdia-da-Ericeira-ph.-DR-e1604575483258.jpg","contentUrl":"https:\/\/www.ericeiramag.pt\/wp-content\/uploads\/2020\/11\/Santa-Casa-Miseric\u00f3rdia-da-Ericeira-ph.-DR-e1604575483258.jpg","width":1050,"height":1050},{"@type":"WebSite","@id":"https:\/\/www.ericeiramag.pt\/#website","url":"https:\/\/www.ericeiramag.pt\/","name":"AZUL-ERICEIRA MAG | O melhor da Ericeira","description":"","publisher":{"@id":"https:\/\/www.ericeiramag.pt\/#organization"},"potentialAction":[{"@type":"SearchAction","target":{"@type":"EntryPoint","urlTemplate":"https:\/\/www.ericeiramag.pt\/?s={search_term_string}"},"query-input":{"@type":"PropertyValueSpecification","valueRequired":true,"valueName":"search_term_string"}}],"inLanguage":"en-US"},{"@type":"Organization","@id":"https:\/\/www.ericeiramag.pt\/#organization","name":"AZUL-ERICEIRA MAG | O melhor da Ericeira","url":"https:\/\/www.ericeiramag.pt\/","logo":{"@type":"ImageObject","inLanguage":"en-US","@id":"https:\/\/www.ericeiramag.pt\/#\/schema\/logo\/image\/","url":"https:\/\/www.ericeiramag.pt\/wp-content\/uploads\/2024\/03\/logo-branco.jpg","contentUrl":"https:\/\/www.ericeiramag.pt\/wp-content\/uploads\/2024\/03\/logo-branco.jpg","width":425,"height":283,"caption":"AZUL-ERICEIRA MAG | O melhor da Ericeira"},"image":{"@id":"https:\/\/www.ericeiramag.pt\/#\/schema\/logo\/image\/"},"sameAs":["https:\/\/www.facebook.com\/AZULericeiramag\/"]},{"@type":"Person","@id":"https:\/\/www.ericeiramag.pt\/#\/schema\/person\/772d0d7a332d2692f98da11f88677afd","name":"Rodrigo Williams","image":{"@type":"ImageObject","inLanguage":"en-US","@id":"https:\/\/www.ericeiramag.pt\/#\/schema\/person\/image\/","url":"https:\/\/secure.gravatar.com\/avatar\/b16e30836a09217884aa48b130989330?s=96&d=mm&r=g","contentUrl":"https:\/\/secure.gravatar.com\/avatar\/b16e30836a09217884aa48b130989330?s=96&d=mm&r=g","caption":"Rodrigo Williams"},"url":"https:\/\/www.ericeiramag.pt\/en"}]}},"_links":{"self":[{"href":"https:\/\/www.ericeiramag.pt\/en\/wp-json\/wp\/v2\/posts\/40896"}],"collection":[{"href":"https:\/\/www.ericeiramag.pt\/en\/wp-json\/wp\/v2\/posts"}],"about":[{"href":"https:\/\/www.ericeiramag.pt\/en\/wp-json\/wp\/v2\/types\/post"}],"author":[{"embeddable":true,"href":"https:\/\/www.ericeiramag.pt\/en\/wp-json\/wp\/v2\/users\/14"}],"replies":[{"embeddable":true,"href":"https:\/\/www.ericeiramag.pt\/en\/wp-json\/wp\/v2\/comments?post=40896"}],"version-history":[{"count":0,"href":"https:\/\/www.ericeiramag.pt\/en\/wp-json\/wp\/v2\/posts\/40896\/revisions"}],"wp:featuredmedia":[{"embeddable":true,"href":"https:\/\/www.ericeiramag.pt\/en\/wp-json\/wp\/v2\/media\/40670"}],"wp:attachment":[{"href":"https:\/\/www.ericeiramag.pt\/en\/wp-json\/wp\/v2\/media?parent=40896"}],"wp:term":[{"taxonomy":"category","embeddable":true,"href":"https:\/\/www.ericeiramag.pt\/en\/wp-json\/wp\/v2\/categories?post=40896"},{"taxonomy":"post_tag","embeddable":true,"href":"https:\/\/www.ericeiramag.pt\/en\/wp-json\/wp\/v2\/tags?post=40896"}],"curies":[{"name":"wp","href":"https:\/\/api.w.org\/{rel}","templated":true}]}}