{"id":40196,"date":"2020-10-06T05:49:18","date_gmt":"2020-10-06T04:49:18","guid":{"rendered":"http:\/\/www.ericeiramag.pt\/?p=40196\/"},"modified":"2020-09-30T12:53:55","modified_gmt":"2020-09-30T11:53:55","slug":"composition-award-organs-of-the-national-palace-of-mafra-returns-in-2021","status":"publish","type":"post","link":"https:\/\/www.ericeiramag.pt\/en\/composition-award-organs-of-the-national-palace-of-mafra-returns-in-2021\/","title":{"rendered":"Composition Award &#8211; Organs of the National Palace of Mafra returns in 2021"},"content":{"rendered":"<p>&nbsp;<\/p>\n<p><strong>Photography:<\/strong> RR<\/p>\n<p>&nbsp;<\/p>\n<p>The Ministry of Culture and the Municipality of Mafra promote together, once again, the \u201cInternational Composition Award &#8211; Organs of the National Palace of Mafra\u201d, aiming not only to create a new repertoire for the magnificent instrumental ensemble, classified in 2019 as World Heritage by UNESCO, as well as generating a dynamic of valorization of this unique heritage.<\/p>\n<p>The applications for this award, with a biennial periodicity and which aims to distinguish composers who present pieces destined to said instrumental ensemble, making use of their own characteristics, are open until April 16, 2021.<\/p>\n<blockquote><p><em>initiative comprises two categories: original composition and transcription for the organs<\/em><\/p><\/blockquote>\n<p>Divided into two categories, the initiative is divided into a component related to the composition of an original work and another related to the transcription for the six organs. The value of the prizes is 10 thousand and 5 thousand euros, respectively.<\/p>\n<p>The jury of this fourth edition consists of four personalities of recognized international merit: Yves Rechsteiner (Switzerland), who chairs, Federico Del Sordo (Italy) and the Portuguese Eug\u00e9nio Amorim and Jo\u00e3o Vaz.<\/p>\n<p>Created by the two most important Portuguese organ makers of their time &#8211; Ant\u00f3nio Xavier Machado e Cerveira and Joaquim Ant\u00f3nio Peres Fontanes \u2013, the six organs of the Basilica of Mafra National Palace constitute a unique set in the world, not because of their number, which is already remarkable, but because they were built at the same time and originally designed to play together.<\/p>\n<p><a href=\"https:\/\/www.ericeiramag.pt\/wp-content\/uploads\/2016\/11\/unnamed-4.jpg\"><img loading=\"lazy\" decoding=\"async\" class=\"size-full wp-image-22059 aligncenter colorbox-40196\" src=\"https:\/\/www.ericeiramag.pt\/wp-content\/uploads\/2016\/11\/unnamed-4.jpg\" alt=\"\" width=\"490\" height=\"449\" srcset=\"https:\/\/www.ericeiramag.pt\/wp-content\/uploads\/2016\/11\/unnamed-4.jpg 490w, https:\/\/www.ericeiramag.pt\/wp-content\/uploads\/2016\/11\/unnamed-4-300x275.jpg 300w\" sizes=\"(max-width: 490px) 100vw, 490px\" \/><\/a><\/p>\n<p>The place where the works for the competition are received is as follows: Secretariat of the \u201cInternational Composition Award &#8211; Organs of the National Palace of Mafra\u201d, Pra\u00e7a do Munic\u00edpio 2644-001 Mafra &#8211; PORTUGAL.<\/p>\n<p>For more information, you may consult the <a href=\"https:\/\/www.cm-mafra.pt\/cmmafra\/uploads\/writer_file\/document\/2640\/dossier_tecnico.pdf\" target=\"_blank\" rel=\"noopener noreferrer\">technical file<\/a> and the respective <a href=\"https:\/\/www.cm-mafra.pt\/cmmafra\/uploads\/writer_file\/document\/2639\/regulamento_pic_orgaos_do_pnm_portugues.pdf\" target=\"_blank\" rel=\"noopener noreferrer\">regulation<\/a>.<\/p>\n<!-- AddThis Advanced Settings generic via filter on the_content --><!-- AddThis Share Buttons generic via filter on the_content -->","protected":false},"excerpt":{"rendered":"<p>A biennial initiative that aims to distinguish composers who present pieces for the unique instrumental ensemble.<!-- AddThis Advanced Settings generic via filter on get_the_excerpt --><!-- AddThis Share Buttons generic via filter on get_the_excerpt --><\/p>\n","protected":false},"author":14,"featured_media":25522,"comment_status":"closed","ping_status":"closed","sticky":false,"template":"","format":"standard","meta":{"_monsterinsights_skip_tracking":false,"_monsterinsights_sitenote_active":false,"_monsterinsights_sitenote_note":"","_monsterinsights_sitenote_category":0,"footnotes":""},"categories":[117],"tags":[],"class_list":["post-40196","post","type-post","status-publish","format-standard","has-post-thumbnail","hentry","category-dna"],"yoast_head":"<!-- This site is optimized with the Yoast SEO plugin v25.5 - https:\/\/yoast.com\/wordpress\/plugins\/seo\/ -->\n<title>Composition Award - Organs of the National Palace of Mafra returns in 2021 - AZUL-ERICEIRA MAG | O melhor da Ericeira<\/title>\n<meta name=\"robots\" content=\"index, follow, max-snippet:-1, max-image-preview:large, max-video-preview:-1\" \/>\n<link rel=\"canonical\" href=\"https:\/\/www.ericeiramag.pt\/en\/composition-award-organs-of-the-national-palace-of-mafra-returns-in-2021\/\" \/>\n<meta property=\"og:locale\" content=\"en_US\" \/>\n<meta property=\"og:type\" content=\"article\" \/>\n<meta property=\"og:title\" content=\"Composition Award - Organs of the National Palace of Mafra returns in 2021 - AZUL-ERICEIRA MAG | O melhor da Ericeira\" \/>\n<meta property=\"og:description\" content=\"A biennial initiative that aims to distinguish composers who present pieces for the unique instrumental ensemble.\" \/>\n<meta property=\"og:url\" content=\"https:\/\/www.ericeiramag.pt\/en\/composition-award-organs-of-the-national-palace-of-mafra-returns-in-2021\/\" \/>\n<meta property=\"og:site_name\" content=\"AZUL-ERICEIRA MAG | O melhor da Ericeira\" \/>\n<meta property=\"article:publisher\" content=\"https:\/\/www.facebook.com\/AZULericeiramag\/\" \/>\n<meta property=\"article:published_time\" content=\"2020-10-06T04:49:18+00:00\" \/>\n<meta property=\"og:image\" content=\"https:\/\/www.ericeiramag.pt\/wp-content\/uploads\/2017\/05\/image003.jpg\" \/>\n\t<meta property=\"og:image:width\" content=\"519\" \/>\n\t<meta property=\"og:image:height\" content=\"347\" \/>\n\t<meta property=\"og:image:type\" content=\"image\/jpeg\" \/>\n<meta name=\"author\" content=\"Rodrigo Williams\" \/>\n<meta name=\"twitter:label1\" content=\"Written by\" \/>\n\t<meta name=\"twitter:data1\" content=\"Rodrigo Williams\" \/>\n\t<meta name=\"twitter:label2\" content=\"Est. reading time\" \/>\n\t<meta name=\"twitter:data2\" content=\"1 minute\" \/>\n<script type=\"application\/ld+json\" class=\"yoast-schema-graph\">{\"@context\":\"https:\/\/schema.org\",\"@graph\":[{\"@type\":\"Article\",\"@id\":\"https:\/\/www.ericeiramag.pt\/en\/composition-award-organs-of-the-national-palace-of-mafra-returns-in-2021\/#article\",\"isPartOf\":{\"@id\":\"https:\/\/www.ericeiramag.pt\/en\/composition-award-organs-of-the-national-palace-of-mafra-returns-in-2021\/\"},\"author\":{\"name\":\"Rodrigo Williams\",\"@id\":\"https:\/\/www.ericeiramag.pt\/#\/schema\/person\/772d0d7a332d2692f98da11f88677afd\"},\"headline\":\"Composition Award &#8211; Organs of the National Palace of Mafra returns in 2021\",\"datePublished\":\"2020-10-06T04:49:18+00:00\",\"mainEntityOfPage\":{\"@id\":\"https:\/\/www.ericeiramag.pt\/en\/composition-award-organs-of-the-national-palace-of-mafra-returns-in-2021\/\"},\"wordCount\":305,\"publisher\":{\"@id\":\"https:\/\/www.ericeiramag.pt\/#organization\"},\"image\":{\"@id\":\"https:\/\/www.ericeiramag.pt\/en\/composition-award-organs-of-the-national-palace-of-mafra-returns-in-2021\/#primaryimage\"},\"thumbnailUrl\":\"https:\/\/www.ericeiramag.pt\/wp-content\/uploads\/2017\/05\/image003.jpg\",\"articleSection\":[\"DNA\"],\"inLanguage\":\"en-US\"},{\"@type\":\"WebPage\",\"@id\":\"https:\/\/www.ericeiramag.pt\/en\/composition-award-organs-of-the-national-palace-of-mafra-returns-in-2021\/\",\"url\":\"https:\/\/www.ericeiramag.pt\/en\/composition-award-organs-of-the-national-palace-of-mafra-returns-in-2021\/\",\"name\":\"Composition Award - Organs of the National Palace of Mafra returns in 2021 - AZUL-ERICEIRA MAG | O melhor da Ericeira\",\"isPartOf\":{\"@id\":\"https:\/\/www.ericeiramag.pt\/#website\"},\"primaryImageOfPage\":{\"@id\":\"https:\/\/www.ericeiramag.pt\/en\/composition-award-organs-of-the-national-palace-of-mafra-returns-in-2021\/#primaryimage\"},\"image\":{\"@id\":\"https:\/\/www.ericeiramag.pt\/en\/composition-award-organs-of-the-national-palace-of-mafra-returns-in-2021\/#primaryimage\"},\"thumbnailUrl\":\"https:\/\/www.ericeiramag.pt\/wp-content\/uploads\/2017\/05\/image003.jpg\",\"datePublished\":\"2020-10-06T04:49:18+00:00\",\"inLanguage\":\"en-US\",\"potentialAction\":[{\"@type\":\"ReadAction\",\"target\":[\"https:\/\/www.ericeiramag.pt\/en\/composition-award-organs-of-the-national-palace-of-mafra-returns-in-2021\/\"]}]},{\"@type\":\"ImageObject\",\"inLanguage\":\"en-US\",\"@id\":\"https:\/\/www.ericeiramag.pt\/en\/composition-award-organs-of-the-national-palace-of-mafra-returns-in-2021\/#primaryimage\",\"url\":\"https:\/\/www.ericeiramag.pt\/wp-content\/uploads\/2017\/05\/image003.jpg\",\"contentUrl\":\"https:\/\/www.ericeiramag.pt\/wp-content\/uploads\/2017\/05\/image003.jpg\",\"width\":519,\"height\":347,\"caption\":\"\u00d3rg\u00e3os da Bas\u00edlica do Pal\u00e1cio Nacional de Mafra - ph. DR\"},{\"@type\":\"WebSite\",\"@id\":\"https:\/\/www.ericeiramag.pt\/#website\",\"url\":\"https:\/\/www.ericeiramag.pt\/\",\"name\":\"AZUL-ERICEIRA MAG | O melhor da Ericeira\",\"description\":\"\",\"publisher\":{\"@id\":\"https:\/\/www.ericeiramag.pt\/#organization\"},\"potentialAction\":[{\"@type\":\"SearchAction\",\"target\":{\"@type\":\"EntryPoint\",\"urlTemplate\":\"https:\/\/www.ericeiramag.pt\/?s={search_term_string}\"},\"query-input\":{\"@type\":\"PropertyValueSpecification\",\"valueRequired\":true,\"valueName\":\"search_term_string\"}}],\"inLanguage\":\"en-US\"},{\"@type\":\"Organization\",\"@id\":\"https:\/\/www.ericeiramag.pt\/#organization\",\"name\":\"AZUL-ERICEIRA MAG | O melhor da Ericeira\",\"url\":\"https:\/\/www.ericeiramag.pt\/\",\"logo\":{\"@type\":\"ImageObject\",\"inLanguage\":\"en-US\",\"@id\":\"https:\/\/www.ericeiramag.pt\/#\/schema\/logo\/image\/\",\"url\":\"https:\/\/www.ericeiramag.pt\/wp-content\/uploads\/2024\/03\/logo-branco.jpg\",\"contentUrl\":\"https:\/\/www.ericeiramag.pt\/wp-content\/uploads\/2024\/03\/logo-branco.jpg\",\"width\":425,\"height\":283,\"caption\":\"AZUL-ERICEIRA MAG | O melhor da Ericeira\"},\"image\":{\"@id\":\"https:\/\/www.ericeiramag.pt\/#\/schema\/logo\/image\/\"},\"sameAs\":[\"https:\/\/www.facebook.com\/AZULericeiramag\/\"]},{\"@type\":\"Person\",\"@id\":\"https:\/\/www.ericeiramag.pt\/#\/schema\/person\/772d0d7a332d2692f98da11f88677afd\",\"name\":\"Rodrigo Williams\",\"image\":{\"@type\":\"ImageObject\",\"inLanguage\":\"en-US\",\"@id\":\"https:\/\/www.ericeiramag.pt\/#\/schema\/person\/image\/\",\"url\":\"https:\/\/secure.gravatar.com\/avatar\/b16e30836a09217884aa48b130989330?s=96&d=mm&r=g\",\"contentUrl\":\"https:\/\/secure.gravatar.com\/avatar\/b16e30836a09217884aa48b130989330?s=96&d=mm&r=g\",\"caption\":\"Rodrigo Williams\"},\"url\":\"https:\/\/www.ericeiramag.pt\/en\"}]}<\/script>\n<!-- \/ Yoast SEO plugin. -->","yoast_head_json":{"title":"Composition Award - Organs of the National Palace of Mafra returns in 2021 - AZUL-ERICEIRA MAG | O melhor da Ericeira","robots":{"index":"index","follow":"follow","max-snippet":"max-snippet:-1","max-image-preview":"max-image-preview:large","max-video-preview":"max-video-preview:-1"},"canonical":"https:\/\/www.ericeiramag.pt\/en\/composition-award-organs-of-the-national-palace-of-mafra-returns-in-2021\/","og_locale":"en_US","og_type":"article","og_title":"Composition Award - Organs of the National Palace of Mafra returns in 2021 - AZUL-ERICEIRA MAG | O melhor da Ericeira","og_description":"A biennial initiative that aims to distinguish composers who present pieces for the unique instrumental ensemble.","og_url":"https:\/\/www.ericeiramag.pt\/en\/composition-award-organs-of-the-national-palace-of-mafra-returns-in-2021\/","og_site_name":"AZUL-ERICEIRA MAG | O melhor da Ericeira","article_publisher":"https:\/\/www.facebook.com\/AZULericeiramag\/","article_published_time":"2020-10-06T04:49:18+00:00","og_image":[{"width":519,"height":347,"url":"https:\/\/www.ericeiramag.pt\/wp-content\/uploads\/2017\/05\/image003.jpg","type":"image\/jpeg"}],"author":"Rodrigo Williams","twitter_misc":{"Written by":"Rodrigo Williams","Est. reading time":"1 minute"},"schema":{"@context":"https:\/\/schema.org","@graph":[{"@type":"Article","@id":"https:\/\/www.ericeiramag.pt\/en\/composition-award-organs-of-the-national-palace-of-mafra-returns-in-2021\/#article","isPartOf":{"@id":"https:\/\/www.ericeiramag.pt\/en\/composition-award-organs-of-the-national-palace-of-mafra-returns-in-2021\/"},"author":{"name":"Rodrigo Williams","@id":"https:\/\/www.ericeiramag.pt\/#\/schema\/person\/772d0d7a332d2692f98da11f88677afd"},"headline":"Composition Award &#8211; Organs of the National Palace of Mafra returns in 2021","datePublished":"2020-10-06T04:49:18+00:00","mainEntityOfPage":{"@id":"https:\/\/www.ericeiramag.pt\/en\/composition-award-organs-of-the-national-palace-of-mafra-returns-in-2021\/"},"wordCount":305,"publisher":{"@id":"https:\/\/www.ericeiramag.pt\/#organization"},"image":{"@id":"https:\/\/www.ericeiramag.pt\/en\/composition-award-organs-of-the-national-palace-of-mafra-returns-in-2021\/#primaryimage"},"thumbnailUrl":"https:\/\/www.ericeiramag.pt\/wp-content\/uploads\/2017\/05\/image003.jpg","articleSection":["DNA"],"inLanguage":"en-US"},{"@type":"WebPage","@id":"https:\/\/www.ericeiramag.pt\/en\/composition-award-organs-of-the-national-palace-of-mafra-returns-in-2021\/","url":"https:\/\/www.ericeiramag.pt\/en\/composition-award-organs-of-the-national-palace-of-mafra-returns-in-2021\/","name":"Composition Award - Organs of the National Palace of Mafra returns in 2021 - AZUL-ERICEIRA MAG | O melhor da Ericeira","isPartOf":{"@id":"https:\/\/www.ericeiramag.pt\/#website"},"primaryImageOfPage":{"@id":"https:\/\/www.ericeiramag.pt\/en\/composition-award-organs-of-the-national-palace-of-mafra-returns-in-2021\/#primaryimage"},"image":{"@id":"https:\/\/www.ericeiramag.pt\/en\/composition-award-organs-of-the-national-palace-of-mafra-returns-in-2021\/#primaryimage"},"thumbnailUrl":"https:\/\/www.ericeiramag.pt\/wp-content\/uploads\/2017\/05\/image003.jpg","datePublished":"2020-10-06T04:49:18+00:00","inLanguage":"en-US","potentialAction":[{"@type":"ReadAction","target":["https:\/\/www.ericeiramag.pt\/en\/composition-award-organs-of-the-national-palace-of-mafra-returns-in-2021\/"]}]},{"@type":"ImageObject","inLanguage":"en-US","@id":"https:\/\/www.ericeiramag.pt\/en\/composition-award-organs-of-the-national-palace-of-mafra-returns-in-2021\/#primaryimage","url":"https:\/\/www.ericeiramag.pt\/wp-content\/uploads\/2017\/05\/image003.jpg","contentUrl":"https:\/\/www.ericeiramag.pt\/wp-content\/uploads\/2017\/05\/image003.jpg","width":519,"height":347,"caption":"\u00d3rg\u00e3os da Bas\u00edlica do Pal\u00e1cio Nacional de Mafra - ph. DR"},{"@type":"WebSite","@id":"https:\/\/www.ericeiramag.pt\/#website","url":"https:\/\/www.ericeiramag.pt\/","name":"AZUL-ERICEIRA MAG | O melhor da Ericeira","description":"","publisher":{"@id":"https:\/\/www.ericeiramag.pt\/#organization"},"potentialAction":[{"@type":"SearchAction","target":{"@type":"EntryPoint","urlTemplate":"https:\/\/www.ericeiramag.pt\/?s={search_term_string}"},"query-input":{"@type":"PropertyValueSpecification","valueRequired":true,"valueName":"search_term_string"}}],"inLanguage":"en-US"},{"@type":"Organization","@id":"https:\/\/www.ericeiramag.pt\/#organization","name":"AZUL-ERICEIRA MAG | O melhor da Ericeira","url":"https:\/\/www.ericeiramag.pt\/","logo":{"@type":"ImageObject","inLanguage":"en-US","@id":"https:\/\/www.ericeiramag.pt\/#\/schema\/logo\/image\/","url":"https:\/\/www.ericeiramag.pt\/wp-content\/uploads\/2024\/03\/logo-branco.jpg","contentUrl":"https:\/\/www.ericeiramag.pt\/wp-content\/uploads\/2024\/03\/logo-branco.jpg","width":425,"height":283,"caption":"AZUL-ERICEIRA MAG | O melhor da Ericeira"},"image":{"@id":"https:\/\/www.ericeiramag.pt\/#\/schema\/logo\/image\/"},"sameAs":["https:\/\/www.facebook.com\/AZULericeiramag\/"]},{"@type":"Person","@id":"https:\/\/www.ericeiramag.pt\/#\/schema\/person\/772d0d7a332d2692f98da11f88677afd","name":"Rodrigo Williams","image":{"@type":"ImageObject","inLanguage":"en-US","@id":"https:\/\/www.ericeiramag.pt\/#\/schema\/person\/image\/","url":"https:\/\/secure.gravatar.com\/avatar\/b16e30836a09217884aa48b130989330?s=96&d=mm&r=g","contentUrl":"https:\/\/secure.gravatar.com\/avatar\/b16e30836a09217884aa48b130989330?s=96&d=mm&r=g","caption":"Rodrigo Williams"},"url":"https:\/\/www.ericeiramag.pt\/en"}]}},"_links":{"self":[{"href":"https:\/\/www.ericeiramag.pt\/en\/wp-json\/wp\/v2\/posts\/40196"}],"collection":[{"href":"https:\/\/www.ericeiramag.pt\/en\/wp-json\/wp\/v2\/posts"}],"about":[{"href":"https:\/\/www.ericeiramag.pt\/en\/wp-json\/wp\/v2\/types\/post"}],"author":[{"embeddable":true,"href":"https:\/\/www.ericeiramag.pt\/en\/wp-json\/wp\/v2\/users\/14"}],"replies":[{"embeddable":true,"href":"https:\/\/www.ericeiramag.pt\/en\/wp-json\/wp\/v2\/comments?post=40196"}],"version-history":[{"count":0,"href":"https:\/\/www.ericeiramag.pt\/en\/wp-json\/wp\/v2\/posts\/40196\/revisions"}],"wp:featuredmedia":[{"embeddable":true,"href":"https:\/\/www.ericeiramag.pt\/en\/wp-json\/wp\/v2\/media\/25522"}],"wp:attachment":[{"href":"https:\/\/www.ericeiramag.pt\/en\/wp-json\/wp\/v2\/media?parent=40196"}],"wp:term":[{"taxonomy":"category","embeddable":true,"href":"https:\/\/www.ericeiramag.pt\/en\/wp-json\/wp\/v2\/categories?post=40196"},{"taxonomy":"post_tag","embeddable":true,"href":"https:\/\/www.ericeiramag.pt\/en\/wp-json\/wp\/v2\/tags?post=40196"}],"curies":[{"name":"wp","href":"https:\/\/api.w.org\/{rel}","templated":true}]}}