{"id":39552,"date":"2020-08-05T06:53:14","date_gmt":"2020-08-05T05:53:14","guid":{"rendered":"http:\/\/www.ericeiramag.pt\/?p=39552\/"},"modified":"2020-08-05T10:05:51","modified_gmt":"2020-08-05T09:05:51","slug":"mafra-palace-is-the-most-visited-monument-after-confinement-end","status":"publish","type":"post","link":"https:\/\/www.ericeiramag.pt\/en\/mafra-palace-is-the-most-visited-monument-after-confinement-end\/","title":{"rendered":"Mafra Palace is the most visited monument after confinement end"},"content":{"rendered":"<p>&nbsp;<\/p>\n<p><strong>Photography:<\/strong> Smart Sat<\/p>\n<p>&nbsp;<\/p>\n<p>In the two months after the Portuguese were allowed to walk free again, the Mafra National Palace was the cultural equipment under the supervision of the Directorate-General for Cultural Heritage that registered the largest number of visitors in Portugal.<\/p>\n<p>After the declaration of the State of Emergency, carried out in mid-March following the current pandemic of the new Coronavirus (which causes Covid-19 disease), monuments, museums and national palaces were closed as one of several preventive measures taken by the Government.<\/p>\n<p>Having been closed for about two months, these cultural facilities only opened doors again on May 18, 2020, being the period between this date and July 17 referred to the statistical data provided to <a href=\"https:\/\/www.ericeiramag.pt\/en\/\" target=\"_blank\" rel=\"noopener noreferrer\">AZUL<\/a> by the Press Office Directorate-General for Cultural Heritage &#8211; DGPC.<\/p>\n<blockquote><p><em>Mafra National Palace received a total of 13,015 visitors between May 18 and July 17, 2020<\/em><\/p><\/blockquote>\n<p>During these two months, the National Palace of Mafra received a total of 13,015 visitors, which corresponds to 13.7 percent of the total visits to DGPC cultural facilities in the same period, which was 95,044 visitors. Among the cultural facilities under the tutelage of the DGPC are, for example, Jer\u00f3nimos Monastery, Bel\u00e9m Tower, the National Coach (carriage) Museum, the Ajuda National Palace and Alcoba\u00e7a and Batalha monasteries.<\/p>\n<p>The evolution of the number of visitors to Mafra National Palace for this period was as follows:<\/p>\n<p>May 18-31: 1,400 visitors<br \/>\nJune 1-17: 4,574 visitors<br \/>\nJune 18-30: 2,345 visitors<br \/>\nJuly 1-17: 4,696 visitors<\/p>\n<blockquote><p><em>one of the factors that helps explain this ranking leadership will be the fact that people consider the visit safe<\/em><\/p><\/blockquote>\n<p>Contacted for this purpose by AZUL, the Director of Mafra National Palace, Dr. M\u00e1rio Pereira, said that one of the factors that helps explain this \u201cranking leadership\u201d will be the fact that people consider safe to visit the National Palace of Mafra, even for the grandeur of the space and its architecture. <a href=\"https:\/\/www.ericeiramag.pt\/en\/mafra-national-palace-with-discounts\/\" target=\"_blank\" rel=\"noopener noreferrer\">At this stage, visits to the space are practically integral<\/a>, with a bypass so that people do not cross each other inside the monument.<\/p>\n<p>The Mafra Royal Building (which includes the Palace, Basilica, Convent, Tapada and Jardim do Cerco) has been inscribed on the UNESCO World Heritage list for about a year.<\/p>\n<p><a href=\"https:\/\/www.ericeiramag.pt\/wp-content\/uploads\/2013\/11\/8a6d1.jpg\"><img loading=\"lazy\" decoding=\"async\" class=\"size-full wp-image-2492 colorbox-39552\" src=\"https:\/\/www.ericeiramag.pt\/wp-content\/uploads\/2013\/11\/8a6d1.jpg\" alt=\"Pal\u00e1cio Nacional de Mafra - litografia de Jo\u00e3o MacPhail\" width=\"1050\" height=\"723\" srcset=\"https:\/\/www.ericeiramag.pt\/wp-content\/uploads\/2013\/11\/8a6d1.jpg 1050w, https:\/\/www.ericeiramag.pt\/wp-content\/uploads\/2013\/11\/8a6d1-300x206.jpg 300w, https:\/\/www.ericeiramag.pt\/wp-content\/uploads\/2013\/11\/8a6d1-1024x705.jpg 1024w, https:\/\/www.ericeiramag.pt\/wp-content\/uploads\/2013\/11\/8a6d1-600x413.jpg 600w, https:\/\/www.ericeiramag.pt\/wp-content\/uploads\/2013\/11\/8a6d1-842x580.jpg 842w\" sizes=\"(max-width: 1050px) 100vw, 1050px\" \/><\/a><\/p>\n<!-- AddThis Advanced Settings generic via filter on the_content --><!-- AddThis Share Buttons generic via filter on the_content -->","protected":false},"excerpt":{"rendered":"<p>In the period between May 18 and July 17 2020, the palace received more than 13 thousand visitors.<!-- AddThis Advanced Settings generic via filter on get_the_excerpt --><!-- AddThis Share Buttons generic via filter on get_the_excerpt --><\/p>\n","protected":false},"author":14,"featured_media":22067,"comment_status":"closed","ping_status":"closed","sticky":false,"template":"","format":"standard","meta":{"_monsterinsights_skip_tracking":false,"_monsterinsights_sitenote_active":false,"_monsterinsights_sitenote_note":"","_monsterinsights_sitenote_category":0,"footnotes":""},"categories":[117],"tags":[],"class_list":["post-39552","post","type-post","status-publish","format-standard","has-post-thumbnail","hentry","category-dna"],"yoast_head":"<!-- This site is optimized with the Yoast SEO plugin v25.5 - https:\/\/yoast.com\/wordpress\/plugins\/seo\/ -->\n<title>Mafra Palace is the most visited monument after confinement end - AZUL-ERICEIRA MAG | O melhor da Ericeira<\/title>\n<meta name=\"robots\" content=\"index, follow, max-snippet:-1, max-image-preview:large, max-video-preview:-1\" \/>\n<link rel=\"canonical\" href=\"https:\/\/www.ericeiramag.pt\/en\/mafra-palace-is-the-most-visited-monument-after-confinement-end\/\" \/>\n<meta property=\"og:locale\" content=\"en_US\" \/>\n<meta property=\"og:type\" content=\"article\" \/>\n<meta property=\"og:title\" content=\"Mafra Palace is the most visited monument after confinement end - AZUL-ERICEIRA MAG | O melhor da Ericeira\" \/>\n<meta property=\"og:description\" content=\"In the period between May 18 and July 17 2020, the palace received more than 13 thousand visitors.\" \/>\n<meta property=\"og:url\" content=\"https:\/\/www.ericeiramag.pt\/en\/mafra-palace-is-the-most-visited-monument-after-confinement-end\/\" \/>\n<meta property=\"og:site_name\" content=\"AZUL-ERICEIRA MAG | O melhor da Ericeira\" \/>\n<meta property=\"article:publisher\" content=\"https:\/\/www.facebook.com\/AZULericeiramag\/\" \/>\n<meta property=\"article:published_time\" content=\"2020-08-05T05:53:14+00:00\" \/>\n<meta property=\"article:modified_time\" content=\"2020-08-05T09:05:51+00:00\" \/>\n<meta property=\"og:image\" content=\"https:\/\/www.ericeiramag.pt\/wp-content\/uploads\/2016\/11\/15068898_10209545626652323_4934187982155487638_o.jpg\" \/>\n\t<meta property=\"og:image:width\" content=\"1050\" \/>\n\t<meta property=\"og:image:height\" content=\"594\" \/>\n\t<meta property=\"og:image:type\" content=\"image\/jpeg\" \/>\n<meta name=\"author\" content=\"Rodrigo Williams\" \/>\n<meta name=\"twitter:label1\" content=\"Written by\" \/>\n\t<meta name=\"twitter:data1\" content=\"Rodrigo Williams\" \/>\n\t<meta name=\"twitter:label2\" content=\"Est. reading time\" \/>\n\t<meta name=\"twitter:data2\" content=\"2 minutes\" \/>\n<script type=\"application\/ld+json\" class=\"yoast-schema-graph\">{\"@context\":\"https:\/\/schema.org\",\"@graph\":[{\"@type\":\"Article\",\"@id\":\"https:\/\/www.ericeiramag.pt\/en\/mafra-palace-is-the-most-visited-monument-after-confinement-end\/#article\",\"isPartOf\":{\"@id\":\"https:\/\/www.ericeiramag.pt\/en\/mafra-palace-is-the-most-visited-monument-after-confinement-end\/\"},\"author\":{\"name\":\"Rodrigo Williams\",\"@id\":\"https:\/\/www.ericeiramag.pt\/#\/schema\/person\/772d0d7a332d2692f98da11f88677afd\"},\"headline\":\"Mafra Palace is the most visited monument after confinement end\",\"datePublished\":\"2020-08-05T05:53:14+00:00\",\"dateModified\":\"2020-08-05T09:05:51+00:00\",\"mainEntityOfPage\":{\"@id\":\"https:\/\/www.ericeiramag.pt\/en\/mafra-palace-is-the-most-visited-monument-after-confinement-end\/\"},\"wordCount\":370,\"publisher\":{\"@id\":\"https:\/\/www.ericeiramag.pt\/#organization\"},\"image\":{\"@id\":\"https:\/\/www.ericeiramag.pt\/en\/mafra-palace-is-the-most-visited-monument-after-confinement-end\/#primaryimage\"},\"thumbnailUrl\":\"https:\/\/www.ericeiramag.pt\/wp-content\/uploads\/2016\/11\/15068898_10209545626652323_4934187982155487638_o.jpg\",\"articleSection\":[\"DNA\"],\"inLanguage\":\"en-US\"},{\"@type\":\"WebPage\",\"@id\":\"https:\/\/www.ericeiramag.pt\/en\/mafra-palace-is-the-most-visited-monument-after-confinement-end\/\",\"url\":\"https:\/\/www.ericeiramag.pt\/en\/mafra-palace-is-the-most-visited-monument-after-confinement-end\/\",\"name\":\"Mafra Palace is the most visited monument after confinement end - AZUL-ERICEIRA MAG | O melhor da Ericeira\",\"isPartOf\":{\"@id\":\"https:\/\/www.ericeiramag.pt\/#website\"},\"primaryImageOfPage\":{\"@id\":\"https:\/\/www.ericeiramag.pt\/en\/mafra-palace-is-the-most-visited-monument-after-confinement-end\/#primaryimage\"},\"image\":{\"@id\":\"https:\/\/www.ericeiramag.pt\/en\/mafra-palace-is-the-most-visited-monument-after-confinement-end\/#primaryimage\"},\"thumbnailUrl\":\"https:\/\/www.ericeiramag.pt\/wp-content\/uploads\/2016\/11\/15068898_10209545626652323_4934187982155487638_o.jpg\",\"datePublished\":\"2020-08-05T05:53:14+00:00\",\"dateModified\":\"2020-08-05T09:05:51+00:00\",\"inLanguage\":\"en-US\",\"potentialAction\":[{\"@type\":\"ReadAction\",\"target\":[\"https:\/\/www.ericeiramag.pt\/en\/mafra-palace-is-the-most-visited-monument-after-confinement-end\/\"]}]},{\"@type\":\"ImageObject\",\"inLanguage\":\"en-US\",\"@id\":\"https:\/\/www.ericeiramag.pt\/en\/mafra-palace-is-the-most-visited-monument-after-confinement-end\/#primaryimage\",\"url\":\"https:\/\/www.ericeiramag.pt\/wp-content\/uploads\/2016\/11\/15068898_10209545626652323_4934187982155487638_o.jpg\",\"contentUrl\":\"https:\/\/www.ericeiramag.pt\/wp-content\/uploads\/2016\/11\/15068898_10209545626652323_4934187982155487638_o.jpg\",\"width\":1050,\"height\":594},{\"@type\":\"WebSite\",\"@id\":\"https:\/\/www.ericeiramag.pt\/#website\",\"url\":\"https:\/\/www.ericeiramag.pt\/\",\"name\":\"AZUL-ERICEIRA MAG | O melhor da Ericeira\",\"description\":\"\",\"publisher\":{\"@id\":\"https:\/\/www.ericeiramag.pt\/#organization\"},\"potentialAction\":[{\"@type\":\"SearchAction\",\"target\":{\"@type\":\"EntryPoint\",\"urlTemplate\":\"https:\/\/www.ericeiramag.pt\/?s={search_term_string}\"},\"query-input\":{\"@type\":\"PropertyValueSpecification\",\"valueRequired\":true,\"valueName\":\"search_term_string\"}}],\"inLanguage\":\"en-US\"},{\"@type\":\"Organization\",\"@id\":\"https:\/\/www.ericeiramag.pt\/#organization\",\"name\":\"AZUL-ERICEIRA MAG | O melhor da Ericeira\",\"url\":\"https:\/\/www.ericeiramag.pt\/\",\"logo\":{\"@type\":\"ImageObject\",\"inLanguage\":\"en-US\",\"@id\":\"https:\/\/www.ericeiramag.pt\/#\/schema\/logo\/image\/\",\"url\":\"https:\/\/www.ericeiramag.pt\/wp-content\/uploads\/2024\/03\/logo-branco.jpg\",\"contentUrl\":\"https:\/\/www.ericeiramag.pt\/wp-content\/uploads\/2024\/03\/logo-branco.jpg\",\"width\":425,\"height\":283,\"caption\":\"AZUL-ERICEIRA MAG | O melhor da Ericeira\"},\"image\":{\"@id\":\"https:\/\/www.ericeiramag.pt\/#\/schema\/logo\/image\/\"},\"sameAs\":[\"https:\/\/www.facebook.com\/AZULericeiramag\/\"]},{\"@type\":\"Person\",\"@id\":\"https:\/\/www.ericeiramag.pt\/#\/schema\/person\/772d0d7a332d2692f98da11f88677afd\",\"name\":\"Rodrigo Williams\",\"image\":{\"@type\":\"ImageObject\",\"inLanguage\":\"en-US\",\"@id\":\"https:\/\/www.ericeiramag.pt\/#\/schema\/person\/image\/\",\"url\":\"https:\/\/secure.gravatar.com\/avatar\/b16e30836a09217884aa48b130989330?s=96&d=mm&r=g\",\"contentUrl\":\"https:\/\/secure.gravatar.com\/avatar\/b16e30836a09217884aa48b130989330?s=96&d=mm&r=g\",\"caption\":\"Rodrigo Williams\"},\"url\":\"https:\/\/www.ericeiramag.pt\/en\"}]}<\/script>\n<!-- \/ Yoast SEO plugin. -->","yoast_head_json":{"title":"Mafra Palace is the most visited monument after confinement end - AZUL-ERICEIRA MAG | O melhor da Ericeira","robots":{"index":"index","follow":"follow","max-snippet":"max-snippet:-1","max-image-preview":"max-image-preview:large","max-video-preview":"max-video-preview:-1"},"canonical":"https:\/\/www.ericeiramag.pt\/en\/mafra-palace-is-the-most-visited-monument-after-confinement-end\/","og_locale":"en_US","og_type":"article","og_title":"Mafra Palace is the most visited monument after confinement end - AZUL-ERICEIRA MAG | O melhor da Ericeira","og_description":"In the period between May 18 and July 17 2020, the palace received more than 13 thousand visitors.","og_url":"https:\/\/www.ericeiramag.pt\/en\/mafra-palace-is-the-most-visited-monument-after-confinement-end\/","og_site_name":"AZUL-ERICEIRA MAG | O melhor da Ericeira","article_publisher":"https:\/\/www.facebook.com\/AZULericeiramag\/","article_published_time":"2020-08-05T05:53:14+00:00","article_modified_time":"2020-08-05T09:05:51+00:00","og_image":[{"width":1050,"height":594,"url":"https:\/\/www.ericeiramag.pt\/wp-content\/uploads\/2016\/11\/15068898_10209545626652323_4934187982155487638_o.jpg","type":"image\/jpeg"}],"author":"Rodrigo Williams","twitter_misc":{"Written by":"Rodrigo Williams","Est. reading time":"2 minutes"},"schema":{"@context":"https:\/\/schema.org","@graph":[{"@type":"Article","@id":"https:\/\/www.ericeiramag.pt\/en\/mafra-palace-is-the-most-visited-monument-after-confinement-end\/#article","isPartOf":{"@id":"https:\/\/www.ericeiramag.pt\/en\/mafra-palace-is-the-most-visited-monument-after-confinement-end\/"},"author":{"name":"Rodrigo Williams","@id":"https:\/\/www.ericeiramag.pt\/#\/schema\/person\/772d0d7a332d2692f98da11f88677afd"},"headline":"Mafra Palace is the most visited monument after confinement end","datePublished":"2020-08-05T05:53:14+00:00","dateModified":"2020-08-05T09:05:51+00:00","mainEntityOfPage":{"@id":"https:\/\/www.ericeiramag.pt\/en\/mafra-palace-is-the-most-visited-monument-after-confinement-end\/"},"wordCount":370,"publisher":{"@id":"https:\/\/www.ericeiramag.pt\/#organization"},"image":{"@id":"https:\/\/www.ericeiramag.pt\/en\/mafra-palace-is-the-most-visited-monument-after-confinement-end\/#primaryimage"},"thumbnailUrl":"https:\/\/www.ericeiramag.pt\/wp-content\/uploads\/2016\/11\/15068898_10209545626652323_4934187982155487638_o.jpg","articleSection":["DNA"],"inLanguage":"en-US"},{"@type":"WebPage","@id":"https:\/\/www.ericeiramag.pt\/en\/mafra-palace-is-the-most-visited-monument-after-confinement-end\/","url":"https:\/\/www.ericeiramag.pt\/en\/mafra-palace-is-the-most-visited-monument-after-confinement-end\/","name":"Mafra Palace is the most visited monument after confinement end - AZUL-ERICEIRA MAG | O melhor da Ericeira","isPartOf":{"@id":"https:\/\/www.ericeiramag.pt\/#website"},"primaryImageOfPage":{"@id":"https:\/\/www.ericeiramag.pt\/en\/mafra-palace-is-the-most-visited-monument-after-confinement-end\/#primaryimage"},"image":{"@id":"https:\/\/www.ericeiramag.pt\/en\/mafra-palace-is-the-most-visited-monument-after-confinement-end\/#primaryimage"},"thumbnailUrl":"https:\/\/www.ericeiramag.pt\/wp-content\/uploads\/2016\/11\/15068898_10209545626652323_4934187982155487638_o.jpg","datePublished":"2020-08-05T05:53:14+00:00","dateModified":"2020-08-05T09:05:51+00:00","inLanguage":"en-US","potentialAction":[{"@type":"ReadAction","target":["https:\/\/www.ericeiramag.pt\/en\/mafra-palace-is-the-most-visited-monument-after-confinement-end\/"]}]},{"@type":"ImageObject","inLanguage":"en-US","@id":"https:\/\/www.ericeiramag.pt\/en\/mafra-palace-is-the-most-visited-monument-after-confinement-end\/#primaryimage","url":"https:\/\/www.ericeiramag.pt\/wp-content\/uploads\/2016\/11\/15068898_10209545626652323_4934187982155487638_o.jpg","contentUrl":"https:\/\/www.ericeiramag.pt\/wp-content\/uploads\/2016\/11\/15068898_10209545626652323_4934187982155487638_o.jpg","width":1050,"height":594},{"@type":"WebSite","@id":"https:\/\/www.ericeiramag.pt\/#website","url":"https:\/\/www.ericeiramag.pt\/","name":"AZUL-ERICEIRA MAG | O melhor da Ericeira","description":"","publisher":{"@id":"https:\/\/www.ericeiramag.pt\/#organization"},"potentialAction":[{"@type":"SearchAction","target":{"@type":"EntryPoint","urlTemplate":"https:\/\/www.ericeiramag.pt\/?s={search_term_string}"},"query-input":{"@type":"PropertyValueSpecification","valueRequired":true,"valueName":"search_term_string"}}],"inLanguage":"en-US"},{"@type":"Organization","@id":"https:\/\/www.ericeiramag.pt\/#organization","name":"AZUL-ERICEIRA MAG | O melhor da Ericeira","url":"https:\/\/www.ericeiramag.pt\/","logo":{"@type":"ImageObject","inLanguage":"en-US","@id":"https:\/\/www.ericeiramag.pt\/#\/schema\/logo\/image\/","url":"https:\/\/www.ericeiramag.pt\/wp-content\/uploads\/2024\/03\/logo-branco.jpg","contentUrl":"https:\/\/www.ericeiramag.pt\/wp-content\/uploads\/2024\/03\/logo-branco.jpg","width":425,"height":283,"caption":"AZUL-ERICEIRA MAG | O melhor da Ericeira"},"image":{"@id":"https:\/\/www.ericeiramag.pt\/#\/schema\/logo\/image\/"},"sameAs":["https:\/\/www.facebook.com\/AZULericeiramag\/"]},{"@type":"Person","@id":"https:\/\/www.ericeiramag.pt\/#\/schema\/person\/772d0d7a332d2692f98da11f88677afd","name":"Rodrigo Williams","image":{"@type":"ImageObject","inLanguage":"en-US","@id":"https:\/\/www.ericeiramag.pt\/#\/schema\/person\/image\/","url":"https:\/\/secure.gravatar.com\/avatar\/b16e30836a09217884aa48b130989330?s=96&d=mm&r=g","contentUrl":"https:\/\/secure.gravatar.com\/avatar\/b16e30836a09217884aa48b130989330?s=96&d=mm&r=g","caption":"Rodrigo Williams"},"url":"https:\/\/www.ericeiramag.pt\/en"}]}},"_links":{"self":[{"href":"https:\/\/www.ericeiramag.pt\/en\/wp-json\/wp\/v2\/posts\/39552"}],"collection":[{"href":"https:\/\/www.ericeiramag.pt\/en\/wp-json\/wp\/v2\/posts"}],"about":[{"href":"https:\/\/www.ericeiramag.pt\/en\/wp-json\/wp\/v2\/types\/post"}],"author":[{"embeddable":true,"href":"https:\/\/www.ericeiramag.pt\/en\/wp-json\/wp\/v2\/users\/14"}],"replies":[{"embeddable":true,"href":"https:\/\/www.ericeiramag.pt\/en\/wp-json\/wp\/v2\/comments?post=39552"}],"version-history":[{"count":0,"href":"https:\/\/www.ericeiramag.pt\/en\/wp-json\/wp\/v2\/posts\/39552\/revisions"}],"wp:featuredmedia":[{"embeddable":true,"href":"https:\/\/www.ericeiramag.pt\/en\/wp-json\/wp\/v2\/media\/22067"}],"wp:attachment":[{"href":"https:\/\/www.ericeiramag.pt\/en\/wp-json\/wp\/v2\/media?parent=39552"}],"wp:term":[{"taxonomy":"category","embeddable":true,"href":"https:\/\/www.ericeiramag.pt\/en\/wp-json\/wp\/v2\/categories?post=39552"},{"taxonomy":"post_tag","embeddable":true,"href":"https:\/\/www.ericeiramag.pt\/en\/wp-json\/wp\/v2\/tags?post=39552"}],"curies":[{"name":"wp","href":"https:\/\/api.w.org\/{rel}","templated":true}]}}