{"id":36124,"date":"2019-12-17T06:05:46","date_gmt":"2019-12-17T06:05:46","guid":{"rendered":"http:\/\/www.ericeiramag.pt\/?p=36124\/"},"modified":"2019-12-04T16:11:16","modified_gmt":"2019-12-04T16:11:16","slug":"ericeira-and-mafra-awarded-for-beach-quality","status":"publish","type":"post","link":"https:\/\/www.ericeiramag.pt\/en\/ericeira-and-mafra-awarded-for-beach-quality\/","title":{"rendered":"Ericeira and Mafra awarded for beach quality"},"content":{"rendered":"<p>&nbsp;<\/p>\n<p><strong>Photography:<\/strong> RR<\/p>\n<p>&nbsp;<\/p>\n<p>Five beaches of Ericeira, or the Mafra municipality, have recently been recognized for beach quality once again.<\/p>\n<p>Praia da Baleia (or South Beach), Algodio (or North Beach), Foz do Lizandro, S\u00e3o Louren\u00e7o and Porto da Calada were the beaches distinguished by the Bandeira Azul (=Blue Flag) Program.<\/p>\n<p>The Municipality of Mafra was therefore awarded five certificates, as a result of the number of consecutive years (in multiples of every five years) of blue flags hoisted at these beaches: S\u00e3o Louren\u00e7o (20 years), Foz do Lizandro (15 years), Baleia (10 years), Porto da Calada (5 years) and Algodio (5 years).<\/p>\n<p>These certificates were awarded by the International Coordination of the Blue Flag Program and delivered during the respective VI National Seminar in Portugal.<\/p>\n<p><a href=\"https:\/\/www.ericeiramag.pt\/wp-content\/uploads\/2019\/11\/Certificados-Bandeira-Azul-ph.-DR.jpg\"><img loading=\"lazy\" decoding=\"async\" class=\"alignnone size-full wp-image-36013 colorbox-36124\" src=\"https:\/\/www.ericeiramag.pt\/wp-content\/uploads\/2019\/11\/Certificados-Bandeira-Azul-ph.-DR.jpg\" alt=\"\" width=\"960\" height=\"641\" srcset=\"https:\/\/www.ericeiramag.pt\/wp-content\/uploads\/2019\/11\/Certificados-Bandeira-Azul-ph.-DR.jpg 960w, https:\/\/www.ericeiramag.pt\/wp-content\/uploads\/2019\/11\/Certificados-Bandeira-Azul-ph.-DR-300x200.jpg 300w, https:\/\/www.ericeiramag.pt\/wp-content\/uploads\/2019\/11\/Certificados-Bandeira-Azul-ph.-DR-768x513.jpg 768w, https:\/\/www.ericeiramag.pt\/wp-content\/uploads\/2019\/11\/Certificados-Bandeira-Azul-ph.-DR-600x401.jpg 600w, https:\/\/www.ericeiramag.pt\/wp-content\/uploads\/2019\/11\/Certificados-Bandeira-Azul-ph.-DR-296x197.jpg 296w, https:\/\/www.ericeiramag.pt\/wp-content\/uploads\/2019\/11\/Certificados-Bandeira-Azul-ph.-DR-869x580.jpg 869w\" sizes=\"(max-width: 960px) 100vw, 960px\" \/><\/a><\/p>\n<p>Recalling that this year the municipality of Mafra maintained <a href=\"https:\/\/www.ericeiramag.pt\/en\/mafra-municipality-maintains-six-beaches-with-blue-flag\/\" target=\"_blank\" rel=\"noopener noreferrer\">six Blue Flag beaches<\/a>: three of them are located in Ericeira, one in Carvoeira, one in Santo Isidoro and another in Encarna\u00e7\u00e3o. The beaches with this symbol of environmental quality and beach safety are Foz do Lizandro in Carvoeira; Baleia, Algodio and Ribeira d&#8217;Ilhas in Ericeira; S\u00e3o Louren\u00e7o in Santo Isidoro and Calada in Encarna\u00e7\u00e3o.<\/p>\n<p>On the other hand, and also this year, the beaches of Algodio, Baleia, Coxos, Foz do Lizandro, Ribeira (or Pescadores), S\u00e3o Louren\u00e7o, Ribeira d&#8217;Ilhas and Porto da Calada were distinguished with the Gold Quality 2019 classification, attributed by Quercus.<\/p>\n<!-- AddThis Advanced Settings generic via filter on the_content --><!-- AddThis Share Buttons generic via filter on the_content -->","protected":false},"excerpt":{"rendered":"<p>A handful of beaches have received Blue Flag Program certificates.<!-- AddThis Advanced Settings generic via filter on get_the_excerpt --><!-- AddThis Share Buttons generic via filter on get_the_excerpt --><\/p>\n","protected":false},"author":14,"featured_media":33732,"comment_status":"closed","ping_status":"closed","sticky":false,"template":"","format":"standard","meta":{"_monsterinsights_skip_tracking":false,"_monsterinsights_sitenote_active":false,"_monsterinsights_sitenote_note":"","_monsterinsights_sitenote_category":0,"footnotes":""},"categories":[70],"tags":[],"class_list":["post-36124","post","type-post","status-publish","format-standard","has-post-thumbnail","hentry","category-society"],"yoast_head":"<!-- This site is optimized with the Yoast SEO plugin v25.5 - https:\/\/yoast.com\/wordpress\/plugins\/seo\/ -->\n<title>Ericeira and Mafra awarded for beach quality - AZUL-ERICEIRA MAG | O melhor da Ericeira<\/title>\n<meta name=\"robots\" content=\"index, follow, max-snippet:-1, max-image-preview:large, max-video-preview:-1\" \/>\n<link rel=\"canonical\" href=\"https:\/\/www.ericeiramag.pt\/en\/ericeira-and-mafra-awarded-for-beach-quality\/\" \/>\n<meta property=\"og:locale\" content=\"en_US\" \/>\n<meta property=\"og:type\" content=\"article\" \/>\n<meta property=\"og:title\" content=\"Ericeira and Mafra awarded for beach quality - AZUL-ERICEIRA MAG | O melhor da Ericeira\" \/>\n<meta property=\"og:description\" content=\"A handful of beaches have received Blue Flag Program certificates.\" \/>\n<meta property=\"og:url\" content=\"https:\/\/www.ericeiramag.pt\/en\/ericeira-and-mafra-awarded-for-beach-quality\/\" \/>\n<meta property=\"og:site_name\" content=\"AZUL-ERICEIRA MAG | O melhor da Ericeira\" \/>\n<meta property=\"article:publisher\" content=\"https:\/\/www.facebook.com\/AZULericeiramag\/\" \/>\n<meta property=\"article:published_time\" content=\"2019-12-17T06:05:46+00:00\" \/>\n<meta property=\"og:image\" content=\"https:\/\/www.ericeiramag.pt\/wp-content\/uploads\/2019\/06\/praia_algodio_4-e1559906607718.jpg\" \/>\n\t<meta property=\"og:image:width\" content=\"1050\" \/>\n\t<meta property=\"og:image:height\" content=\"703\" \/>\n\t<meta property=\"og:image:type\" content=\"image\/jpeg\" \/>\n<meta name=\"author\" content=\"Rodrigo Williams\" \/>\n<meta name=\"twitter:label1\" content=\"Written by\" \/>\n\t<meta name=\"twitter:data1\" content=\"Rodrigo Williams\" \/>\n\t<meta name=\"twitter:label2\" content=\"Est. reading time\" \/>\n\t<meta name=\"twitter:data2\" content=\"1 minute\" \/>\n<script type=\"application\/ld+json\" class=\"yoast-schema-graph\">{\"@context\":\"https:\/\/schema.org\",\"@graph\":[{\"@type\":\"Article\",\"@id\":\"https:\/\/www.ericeiramag.pt\/en\/ericeira-and-mafra-awarded-for-beach-quality\/#article\",\"isPartOf\":{\"@id\":\"https:\/\/www.ericeiramag.pt\/en\/ericeira-and-mafra-awarded-for-beach-quality\/\"},\"author\":{\"name\":\"Rodrigo Williams\",\"@id\":\"https:\/\/www.ericeiramag.pt\/#\/schema\/person\/772d0d7a332d2692f98da11f88677afd\"},\"headline\":\"Ericeira and Mafra awarded for beach quality\",\"datePublished\":\"2019-12-17T06:05:46+00:00\",\"mainEntityOfPage\":{\"@id\":\"https:\/\/www.ericeiramag.pt\/en\/ericeira-and-mafra-awarded-for-beach-quality\/\"},\"wordCount\":240,\"publisher\":{\"@id\":\"https:\/\/www.ericeiramag.pt\/#organization\"},\"image\":{\"@id\":\"https:\/\/www.ericeiramag.pt\/en\/ericeira-and-mafra-awarded-for-beach-quality\/#primaryimage\"},\"thumbnailUrl\":\"https:\/\/www.ericeiramag.pt\/wp-content\/uploads\/2019\/06\/praia_algodio_4-e1559906607718.jpg\",\"articleSection\":[\"society\"],\"inLanguage\":\"en-US\"},{\"@type\":\"WebPage\",\"@id\":\"https:\/\/www.ericeiramag.pt\/en\/ericeira-and-mafra-awarded-for-beach-quality\/\",\"url\":\"https:\/\/www.ericeiramag.pt\/en\/ericeira-and-mafra-awarded-for-beach-quality\/\",\"name\":\"Ericeira and Mafra awarded for beach quality - AZUL-ERICEIRA MAG | O melhor da Ericeira\",\"isPartOf\":{\"@id\":\"https:\/\/www.ericeiramag.pt\/#website\"},\"primaryImageOfPage\":{\"@id\":\"https:\/\/www.ericeiramag.pt\/en\/ericeira-and-mafra-awarded-for-beach-quality\/#primaryimage\"},\"image\":{\"@id\":\"https:\/\/www.ericeiramag.pt\/en\/ericeira-and-mafra-awarded-for-beach-quality\/#primaryimage\"},\"thumbnailUrl\":\"https:\/\/www.ericeiramag.pt\/wp-content\/uploads\/2019\/06\/praia_algodio_4-e1559906607718.jpg\",\"datePublished\":\"2019-12-17T06:05:46+00:00\",\"inLanguage\":\"en-US\",\"potentialAction\":[{\"@type\":\"ReadAction\",\"target\":[\"https:\/\/www.ericeiramag.pt\/en\/ericeira-and-mafra-awarded-for-beach-quality\/\"]}]},{\"@type\":\"ImageObject\",\"inLanguage\":\"en-US\",\"@id\":\"https:\/\/www.ericeiramag.pt\/en\/ericeira-and-mafra-awarded-for-beach-quality\/#primaryimage\",\"url\":\"https:\/\/www.ericeiramag.pt\/wp-content\/uploads\/2019\/06\/praia_algodio_4-e1559906607718.jpg\",\"contentUrl\":\"https:\/\/www.ericeiramag.pt\/wp-content\/uploads\/2019\/06\/praia_algodio_4-e1559906607718.jpg\",\"width\":1050,\"height\":703},{\"@type\":\"WebSite\",\"@id\":\"https:\/\/www.ericeiramag.pt\/#website\",\"url\":\"https:\/\/www.ericeiramag.pt\/\",\"name\":\"AZUL-ERICEIRA MAG | O melhor da Ericeira\",\"description\":\"\",\"publisher\":{\"@id\":\"https:\/\/www.ericeiramag.pt\/#organization\"},\"potentialAction\":[{\"@type\":\"SearchAction\",\"target\":{\"@type\":\"EntryPoint\",\"urlTemplate\":\"https:\/\/www.ericeiramag.pt\/?s={search_term_string}\"},\"query-input\":{\"@type\":\"PropertyValueSpecification\",\"valueRequired\":true,\"valueName\":\"search_term_string\"}}],\"inLanguage\":\"en-US\"},{\"@type\":\"Organization\",\"@id\":\"https:\/\/www.ericeiramag.pt\/#organization\",\"name\":\"AZUL-ERICEIRA MAG | O melhor da Ericeira\",\"url\":\"https:\/\/www.ericeiramag.pt\/\",\"logo\":{\"@type\":\"ImageObject\",\"inLanguage\":\"en-US\",\"@id\":\"https:\/\/www.ericeiramag.pt\/#\/schema\/logo\/image\/\",\"url\":\"https:\/\/www.ericeiramag.pt\/wp-content\/uploads\/2024\/03\/logo-branco.jpg\",\"contentUrl\":\"https:\/\/www.ericeiramag.pt\/wp-content\/uploads\/2024\/03\/logo-branco.jpg\",\"width\":425,\"height\":283,\"caption\":\"AZUL-ERICEIRA MAG | O melhor da Ericeira\"},\"image\":{\"@id\":\"https:\/\/www.ericeiramag.pt\/#\/schema\/logo\/image\/\"},\"sameAs\":[\"https:\/\/www.facebook.com\/AZULericeiramag\/\"]},{\"@type\":\"Person\",\"@id\":\"https:\/\/www.ericeiramag.pt\/#\/schema\/person\/772d0d7a332d2692f98da11f88677afd\",\"name\":\"Rodrigo Williams\",\"image\":{\"@type\":\"ImageObject\",\"inLanguage\":\"en-US\",\"@id\":\"https:\/\/www.ericeiramag.pt\/#\/schema\/person\/image\/\",\"url\":\"https:\/\/secure.gravatar.com\/avatar\/b16e30836a09217884aa48b130989330?s=96&d=mm&r=g\",\"contentUrl\":\"https:\/\/secure.gravatar.com\/avatar\/b16e30836a09217884aa48b130989330?s=96&d=mm&r=g\",\"caption\":\"Rodrigo Williams\"},\"url\":\"https:\/\/www.ericeiramag.pt\/en\"}]}<\/script>\n<!-- \/ Yoast SEO plugin. -->","yoast_head_json":{"title":"Ericeira and Mafra awarded for beach quality - AZUL-ERICEIRA MAG | O melhor da Ericeira","robots":{"index":"index","follow":"follow","max-snippet":"max-snippet:-1","max-image-preview":"max-image-preview:large","max-video-preview":"max-video-preview:-1"},"canonical":"https:\/\/www.ericeiramag.pt\/en\/ericeira-and-mafra-awarded-for-beach-quality\/","og_locale":"en_US","og_type":"article","og_title":"Ericeira and Mafra awarded for beach quality - AZUL-ERICEIRA MAG | O melhor da Ericeira","og_description":"A handful of beaches have received Blue Flag Program certificates.","og_url":"https:\/\/www.ericeiramag.pt\/en\/ericeira-and-mafra-awarded-for-beach-quality\/","og_site_name":"AZUL-ERICEIRA MAG | O melhor da Ericeira","article_publisher":"https:\/\/www.facebook.com\/AZULericeiramag\/","article_published_time":"2019-12-17T06:05:46+00:00","og_image":[{"width":1050,"height":703,"url":"https:\/\/www.ericeiramag.pt\/wp-content\/uploads\/2019\/06\/praia_algodio_4-e1559906607718.jpg","type":"image\/jpeg"}],"author":"Rodrigo Williams","twitter_misc":{"Written by":"Rodrigo Williams","Est. reading time":"1 minute"},"schema":{"@context":"https:\/\/schema.org","@graph":[{"@type":"Article","@id":"https:\/\/www.ericeiramag.pt\/en\/ericeira-and-mafra-awarded-for-beach-quality\/#article","isPartOf":{"@id":"https:\/\/www.ericeiramag.pt\/en\/ericeira-and-mafra-awarded-for-beach-quality\/"},"author":{"name":"Rodrigo Williams","@id":"https:\/\/www.ericeiramag.pt\/#\/schema\/person\/772d0d7a332d2692f98da11f88677afd"},"headline":"Ericeira and Mafra awarded for beach quality","datePublished":"2019-12-17T06:05:46+00:00","mainEntityOfPage":{"@id":"https:\/\/www.ericeiramag.pt\/en\/ericeira-and-mafra-awarded-for-beach-quality\/"},"wordCount":240,"publisher":{"@id":"https:\/\/www.ericeiramag.pt\/#organization"},"image":{"@id":"https:\/\/www.ericeiramag.pt\/en\/ericeira-and-mafra-awarded-for-beach-quality\/#primaryimage"},"thumbnailUrl":"https:\/\/www.ericeiramag.pt\/wp-content\/uploads\/2019\/06\/praia_algodio_4-e1559906607718.jpg","articleSection":["society"],"inLanguage":"en-US"},{"@type":"WebPage","@id":"https:\/\/www.ericeiramag.pt\/en\/ericeira-and-mafra-awarded-for-beach-quality\/","url":"https:\/\/www.ericeiramag.pt\/en\/ericeira-and-mafra-awarded-for-beach-quality\/","name":"Ericeira and Mafra awarded for beach quality - AZUL-ERICEIRA MAG | O melhor da Ericeira","isPartOf":{"@id":"https:\/\/www.ericeiramag.pt\/#website"},"primaryImageOfPage":{"@id":"https:\/\/www.ericeiramag.pt\/en\/ericeira-and-mafra-awarded-for-beach-quality\/#primaryimage"},"image":{"@id":"https:\/\/www.ericeiramag.pt\/en\/ericeira-and-mafra-awarded-for-beach-quality\/#primaryimage"},"thumbnailUrl":"https:\/\/www.ericeiramag.pt\/wp-content\/uploads\/2019\/06\/praia_algodio_4-e1559906607718.jpg","datePublished":"2019-12-17T06:05:46+00:00","inLanguage":"en-US","potentialAction":[{"@type":"ReadAction","target":["https:\/\/www.ericeiramag.pt\/en\/ericeira-and-mafra-awarded-for-beach-quality\/"]}]},{"@type":"ImageObject","inLanguage":"en-US","@id":"https:\/\/www.ericeiramag.pt\/en\/ericeira-and-mafra-awarded-for-beach-quality\/#primaryimage","url":"https:\/\/www.ericeiramag.pt\/wp-content\/uploads\/2019\/06\/praia_algodio_4-e1559906607718.jpg","contentUrl":"https:\/\/www.ericeiramag.pt\/wp-content\/uploads\/2019\/06\/praia_algodio_4-e1559906607718.jpg","width":1050,"height":703},{"@type":"WebSite","@id":"https:\/\/www.ericeiramag.pt\/#website","url":"https:\/\/www.ericeiramag.pt\/","name":"AZUL-ERICEIRA MAG | O melhor da Ericeira","description":"","publisher":{"@id":"https:\/\/www.ericeiramag.pt\/#organization"},"potentialAction":[{"@type":"SearchAction","target":{"@type":"EntryPoint","urlTemplate":"https:\/\/www.ericeiramag.pt\/?s={search_term_string}"},"query-input":{"@type":"PropertyValueSpecification","valueRequired":true,"valueName":"search_term_string"}}],"inLanguage":"en-US"},{"@type":"Organization","@id":"https:\/\/www.ericeiramag.pt\/#organization","name":"AZUL-ERICEIRA MAG | O melhor da Ericeira","url":"https:\/\/www.ericeiramag.pt\/","logo":{"@type":"ImageObject","inLanguage":"en-US","@id":"https:\/\/www.ericeiramag.pt\/#\/schema\/logo\/image\/","url":"https:\/\/www.ericeiramag.pt\/wp-content\/uploads\/2024\/03\/logo-branco.jpg","contentUrl":"https:\/\/www.ericeiramag.pt\/wp-content\/uploads\/2024\/03\/logo-branco.jpg","width":425,"height":283,"caption":"AZUL-ERICEIRA MAG | O melhor da Ericeira"},"image":{"@id":"https:\/\/www.ericeiramag.pt\/#\/schema\/logo\/image\/"},"sameAs":["https:\/\/www.facebook.com\/AZULericeiramag\/"]},{"@type":"Person","@id":"https:\/\/www.ericeiramag.pt\/#\/schema\/person\/772d0d7a332d2692f98da11f88677afd","name":"Rodrigo Williams","image":{"@type":"ImageObject","inLanguage":"en-US","@id":"https:\/\/www.ericeiramag.pt\/#\/schema\/person\/image\/","url":"https:\/\/secure.gravatar.com\/avatar\/b16e30836a09217884aa48b130989330?s=96&d=mm&r=g","contentUrl":"https:\/\/secure.gravatar.com\/avatar\/b16e30836a09217884aa48b130989330?s=96&d=mm&r=g","caption":"Rodrigo Williams"},"url":"https:\/\/www.ericeiramag.pt\/en"}]}},"_links":{"self":[{"href":"https:\/\/www.ericeiramag.pt\/en\/wp-json\/wp\/v2\/posts\/36124"}],"collection":[{"href":"https:\/\/www.ericeiramag.pt\/en\/wp-json\/wp\/v2\/posts"}],"about":[{"href":"https:\/\/www.ericeiramag.pt\/en\/wp-json\/wp\/v2\/types\/post"}],"author":[{"embeddable":true,"href":"https:\/\/www.ericeiramag.pt\/en\/wp-json\/wp\/v2\/users\/14"}],"replies":[{"embeddable":true,"href":"https:\/\/www.ericeiramag.pt\/en\/wp-json\/wp\/v2\/comments?post=36124"}],"version-history":[{"count":0,"href":"https:\/\/www.ericeiramag.pt\/en\/wp-json\/wp\/v2\/posts\/36124\/revisions"}],"wp:featuredmedia":[{"embeddable":true,"href":"https:\/\/www.ericeiramag.pt\/en\/wp-json\/wp\/v2\/media\/33732"}],"wp:attachment":[{"href":"https:\/\/www.ericeiramag.pt\/en\/wp-json\/wp\/v2\/media?parent=36124"}],"wp:term":[{"taxonomy":"category","embeddable":true,"href":"https:\/\/www.ericeiramag.pt\/en\/wp-json\/wp\/v2\/categories?post=36124"},{"taxonomy":"post_tag","embeddable":true,"href":"https:\/\/www.ericeiramag.pt\/en\/wp-json\/wp\/v2\/tags?post=36124"}],"curies":[{"name":"wp","href":"https:\/\/api.w.org\/{rel}","templated":true}]}}