{"id":33618,"date":"2019-06-04T06:38:39","date_gmt":"2019-06-04T05:38:39","guid":{"rendered":"http:\/\/www.ericeiramag.pt\/?p=33618\/"},"modified":"2019-06-05T15:32:42","modified_gmt":"2019-06-05T14:32:42","slug":"mafra-municipality-maintains-six-beaches-with-blue-flag","status":"publish","type":"post","link":"https:\/\/www.ericeiramag.pt\/en\/mafra-municipality-maintains-six-beaches-with-blue-flag\/","title":{"rendered":"Mafra Municipality maintains six beaches with Blue Flag"},"content":{"rendered":"<p>&nbsp;<\/p>\n<p><strong>Photography:<\/strong> Pedro Mestre<\/p>\n<p>&nbsp;<\/p>\n<p>This year the municipality of Mafra will maintain the number of beaches awarded with the Blue Flag in 2018: a total of 6.<\/p>\n<p>Three are located in Ericeira, one in Carvoeira, one in Santo Isidoro and another in Encarna\u00e7\u00e3o. The beaches that will have this symbol of environmental quality and beach safety are Foz do Lizandro (sea) in Carvoeira; Baleia (or Sul), Algodio (or Norte) and Ribeira d&#8217;Ilhas in Ericeira; S\u00e3o Louren\u00e7o in Santo Isidoro and Calada in Encarna\u00e7\u00e3o.<\/p>\n<p>The announcement of the beaches, recreational \/ marine ports and vessels with the Blue Flag in the bathing season was made in Lisbon by the Blue Flag Association of Europe &#8211; ABEA. In total, there are 352 beaches, 17 recreational ports \/ marinas and 9 eco-tourism vessels awarded the Blue Flag by the International Jury in 2019.<br \/>\nAnd with this number of Blue Flags, Portugal ranks first among the 44 countries whose beaches bear this symbol and is also the EU country with the highest percentage of beaches awarded (55%) compared to those considered suitable for bathing.<\/p>\n<p>Portugal will thus have twenty more Blue Flag beaches compared to 2018, eight of them coastal beaches and two riverside beaches.<\/p>\n<p>The Algarve, with 88 coastal beaches, continues to be the region of the country with the greatest number of blue flags. The North will have 75 Blue Flag beaches this year, of which 69 are coastal and six are riverside beaches. The Tejo region will have 54 Blue Flag beaches this year, 45 coastal and nine riverside beaches. The Central region will have 28 coastal and 16 riverside beaches with this award. The Alentejo will have 35 beaches (four of them freshwater beaches), the Azores 39 and Madeira 17.<\/p>\n<p><a href=\"https:\/\/www.ericeiramag.pt\/wp-content\/uploads\/2019\/04\/DSC_7367-OK-e1523870506337.jpg\"><img loading=\"lazy\" decoding=\"async\" class=\"size-full wp-image-33303 aligncenter colorbox-33618\" src=\"https:\/\/www.ericeiramag.pt\/wp-content\/uploads\/2019\/04\/DSC_7367-OK-e1523870506337.jpg\" alt=\"\" width=\"603\" height=\"400\" srcset=\"https:\/\/www.ericeiramag.pt\/wp-content\/uploads\/2019\/04\/DSC_7367-OK-e1523870506337.jpg 603w, https:\/\/www.ericeiramag.pt\/wp-content\/uploads\/2019\/04\/DSC_7367-OK-e1523870506337-300x199.jpg 300w, https:\/\/www.ericeiramag.pt\/wp-content\/uploads\/2019\/04\/DSC_7367-OK-e1523870506337-296x197.jpg 296w, https:\/\/www.ericeiramag.pt\/wp-content\/uploads\/2019\/04\/DSC_7367-OK-e1523870506337-600x398.jpg 600w\" sizes=\"(max-width: 603px) 100vw, 603px\" \/><\/a><\/p>\n<p>In 2019, the challenge of the Blue Flag Program is to continue to raise awareness to the fact that marine litter originates from terrestrial activities, to the consequences of human behavior and to the role of rivers as a bridge between land and sea. The path involves environmental education and the adoption of more rational and efficient attitudes in the use of resources. An education for preservation, protection and better management, which begins in our rivers and ends at sea. An education for a low carbon society.<\/p>\n<!-- AddThis Advanced Settings generic via filter on the_content --><!-- AddThis Share Buttons generic via filter on the_content -->","protected":false},"excerpt":{"rendered":"<p>Portugal will have 352 awarded beaches, twenty more compared to 2018.<!-- AddThis Advanced Settings generic via filter on get_the_excerpt --><!-- AddThis Share Buttons generic via filter on get_the_excerpt --><\/p>\n","protected":false},"author":5,"featured_media":27505,"comment_status":"closed","ping_status":"closed","sticky":false,"template":"","format":"standard","meta":{"_monsterinsights_skip_tracking":false,"_monsterinsights_sitenote_active":false,"_monsterinsights_sitenote_note":"","_monsterinsights_sitenote_category":0,"footnotes":""},"categories":[70],"tags":[],"class_list":["post-33618","post","type-post","status-publish","format-standard","has-post-thumbnail","hentry","category-society"],"yoast_head":"<!-- This site is optimized with the Yoast SEO plugin v25.5 - https:\/\/yoast.com\/wordpress\/plugins\/seo\/ -->\n<title>Mafra Municipality maintains six beaches with Blue Flag - AZUL-ERICEIRA MAG | O melhor da Ericeira<\/title>\n<meta name=\"robots\" content=\"index, follow, max-snippet:-1, max-image-preview:large, max-video-preview:-1\" \/>\n<link rel=\"canonical\" href=\"https:\/\/www.ericeiramag.pt\/en\/mafra-municipality-maintains-six-beaches-with-blue-flag\/\" \/>\n<meta property=\"og:locale\" content=\"en_US\" \/>\n<meta property=\"og:type\" content=\"article\" \/>\n<meta property=\"og:title\" content=\"Mafra Municipality maintains six beaches with Blue Flag - AZUL-ERICEIRA MAG | O melhor da Ericeira\" \/>\n<meta property=\"og:description\" content=\"Portugal will have 352 awarded beaches, twenty more compared to 2018.\" \/>\n<meta property=\"og:url\" content=\"https:\/\/www.ericeiramag.pt\/en\/mafra-municipality-maintains-six-beaches-with-blue-flag\/\" \/>\n<meta property=\"og:site_name\" content=\"AZUL-ERICEIRA MAG | O melhor da Ericeira\" \/>\n<meta property=\"article:publisher\" content=\"https:\/\/www.facebook.com\/AZULericeiramag\/\" \/>\n<meta property=\"article:published_time\" content=\"2019-06-04T05:38:39+00:00\" \/>\n<meta property=\"article:modified_time\" content=\"2019-06-05T14:32:42+00:00\" \/>\n<meta property=\"og:image\" content=\"https:\/\/www.ericeiramag.pt\/wp-content\/uploads\/2017\/07\/210913_0006-e1500559881373.jpg\" \/>\n\t<meta property=\"og:image:width\" content=\"1050\" \/>\n\t<meta property=\"og:image:height\" content=\"701\" \/>\n\t<meta property=\"og:image:type\" content=\"image\/jpeg\" \/>\n<meta name=\"author\" content=\"Hugo Rocha\" \/>\n<meta name=\"twitter:label1\" content=\"Written by\" \/>\n\t<meta name=\"twitter:data1\" content=\"Hugo Rocha\" \/>\n\t<meta name=\"twitter:label2\" content=\"Est. reading time\" \/>\n\t<meta name=\"twitter:data2\" content=\"2 minutes\" \/>\n<script type=\"application\/ld+json\" class=\"yoast-schema-graph\">{\"@context\":\"https:\/\/schema.org\",\"@graph\":[{\"@type\":\"Article\",\"@id\":\"https:\/\/www.ericeiramag.pt\/en\/mafra-municipality-maintains-six-beaches-with-blue-flag\/#article\",\"isPartOf\":{\"@id\":\"https:\/\/www.ericeiramag.pt\/en\/mafra-municipality-maintains-six-beaches-with-blue-flag\/\"},\"author\":{\"name\":\"Hugo Rocha\",\"@id\":\"https:\/\/www.ericeiramag.pt\/#\/schema\/person\/f2eb4cfc7039b4fa1a1f8f40ffe98b40\"},\"headline\":\"Mafra Municipality maintains six beaches with Blue Flag\",\"datePublished\":\"2019-06-04T05:38:39+00:00\",\"dateModified\":\"2019-06-05T14:32:42+00:00\",\"mainEntityOfPage\":{\"@id\":\"https:\/\/www.ericeiramag.pt\/en\/mafra-municipality-maintains-six-beaches-with-blue-flag\/\"},\"wordCount\":368,\"publisher\":{\"@id\":\"https:\/\/www.ericeiramag.pt\/#organization\"},\"image\":{\"@id\":\"https:\/\/www.ericeiramag.pt\/en\/mafra-municipality-maintains-six-beaches-with-blue-flag\/#primaryimage\"},\"thumbnailUrl\":\"https:\/\/www.ericeiramag.pt\/wp-content\/uploads\/2017\/07\/210913_0006-e1500559881373.jpg\",\"articleSection\":[\"society\"],\"inLanguage\":\"en-US\"},{\"@type\":\"WebPage\",\"@id\":\"https:\/\/www.ericeiramag.pt\/en\/mafra-municipality-maintains-six-beaches-with-blue-flag\/\",\"url\":\"https:\/\/www.ericeiramag.pt\/en\/mafra-municipality-maintains-six-beaches-with-blue-flag\/\",\"name\":\"Mafra Municipality maintains six beaches with Blue Flag - AZUL-ERICEIRA MAG | O melhor da Ericeira\",\"isPartOf\":{\"@id\":\"https:\/\/www.ericeiramag.pt\/#website\"},\"primaryImageOfPage\":{\"@id\":\"https:\/\/www.ericeiramag.pt\/en\/mafra-municipality-maintains-six-beaches-with-blue-flag\/#primaryimage\"},\"image\":{\"@id\":\"https:\/\/www.ericeiramag.pt\/en\/mafra-municipality-maintains-six-beaches-with-blue-flag\/#primaryimage\"},\"thumbnailUrl\":\"https:\/\/www.ericeiramag.pt\/wp-content\/uploads\/2017\/07\/210913_0006-e1500559881373.jpg\",\"datePublished\":\"2019-06-04T05:38:39+00:00\",\"dateModified\":\"2019-06-05T14:32:42+00:00\",\"inLanguage\":\"en-US\",\"potentialAction\":[{\"@type\":\"ReadAction\",\"target\":[\"https:\/\/www.ericeiramag.pt\/en\/mafra-municipality-maintains-six-beaches-with-blue-flag\/\"]}]},{\"@type\":\"ImageObject\",\"inLanguage\":\"en-US\",\"@id\":\"https:\/\/www.ericeiramag.pt\/en\/mafra-municipality-maintains-six-beaches-with-blue-flag\/#primaryimage\",\"url\":\"https:\/\/www.ericeiramag.pt\/wp-content\/uploads\/2017\/07\/210913_0006-e1500559881373.jpg\",\"contentUrl\":\"https:\/\/www.ericeiramag.pt\/wp-content\/uploads\/2017\/07\/210913_0006-e1500559881373.jpg\",\"width\":1050,\"height\":701,\"caption\":\"Praia - ph. Pedro Mestre\"},{\"@type\":\"WebSite\",\"@id\":\"https:\/\/www.ericeiramag.pt\/#website\",\"url\":\"https:\/\/www.ericeiramag.pt\/\",\"name\":\"AZUL-ERICEIRA MAG | O melhor da Ericeira\",\"description\":\"\",\"publisher\":{\"@id\":\"https:\/\/www.ericeiramag.pt\/#organization\"},\"potentialAction\":[{\"@type\":\"SearchAction\",\"target\":{\"@type\":\"EntryPoint\",\"urlTemplate\":\"https:\/\/www.ericeiramag.pt\/?s={search_term_string}\"},\"query-input\":{\"@type\":\"PropertyValueSpecification\",\"valueRequired\":true,\"valueName\":\"search_term_string\"}}],\"inLanguage\":\"en-US\"},{\"@type\":\"Organization\",\"@id\":\"https:\/\/www.ericeiramag.pt\/#organization\",\"name\":\"AZUL-ERICEIRA MAG | O melhor da Ericeira\",\"url\":\"https:\/\/www.ericeiramag.pt\/\",\"logo\":{\"@type\":\"ImageObject\",\"inLanguage\":\"en-US\",\"@id\":\"https:\/\/www.ericeiramag.pt\/#\/schema\/logo\/image\/\",\"url\":\"https:\/\/www.ericeiramag.pt\/wp-content\/uploads\/2024\/03\/logo-branco.jpg\",\"contentUrl\":\"https:\/\/www.ericeiramag.pt\/wp-content\/uploads\/2024\/03\/logo-branco.jpg\",\"width\":425,\"height\":283,\"caption\":\"AZUL-ERICEIRA MAG | O melhor da Ericeira\"},\"image\":{\"@id\":\"https:\/\/www.ericeiramag.pt\/#\/schema\/logo\/image\/\"},\"sameAs\":[\"https:\/\/www.facebook.com\/AZULericeiramag\/\"]},{\"@type\":\"Person\",\"@id\":\"https:\/\/www.ericeiramag.pt\/#\/schema\/person\/f2eb4cfc7039b4fa1a1f8f40ffe98b40\",\"name\":\"Hugo Rocha\",\"image\":{\"@type\":\"ImageObject\",\"inLanguage\":\"en-US\",\"@id\":\"https:\/\/www.ericeiramag.pt\/#\/schema\/person\/image\/\",\"url\":\"https:\/\/secure.gravatar.com\/avatar\/627e928545c6ffd19f6bcc62495815cb?s=96&d=mm&r=g\",\"contentUrl\":\"https:\/\/secure.gravatar.com\/avatar\/627e928545c6ffd19f6bcc62495815cb?s=96&d=mm&r=g\",\"caption\":\"Hugo Rocha\"},\"sameAs\":[\"http:\/\/www.ericeiramag.pt\"],\"url\":\"https:\/\/www.ericeiramag.pt\/en\"}]}<\/script>\n<!-- \/ Yoast SEO plugin. -->","yoast_head_json":{"title":"Mafra Municipality maintains six beaches with Blue Flag - AZUL-ERICEIRA MAG | O melhor da Ericeira","robots":{"index":"index","follow":"follow","max-snippet":"max-snippet:-1","max-image-preview":"max-image-preview:large","max-video-preview":"max-video-preview:-1"},"canonical":"https:\/\/www.ericeiramag.pt\/en\/mafra-municipality-maintains-six-beaches-with-blue-flag\/","og_locale":"en_US","og_type":"article","og_title":"Mafra Municipality maintains six beaches with Blue Flag - AZUL-ERICEIRA MAG | O melhor da Ericeira","og_description":"Portugal will have 352 awarded beaches, twenty more compared to 2018.","og_url":"https:\/\/www.ericeiramag.pt\/en\/mafra-municipality-maintains-six-beaches-with-blue-flag\/","og_site_name":"AZUL-ERICEIRA MAG | O melhor da Ericeira","article_publisher":"https:\/\/www.facebook.com\/AZULericeiramag\/","article_published_time":"2019-06-04T05:38:39+00:00","article_modified_time":"2019-06-05T14:32:42+00:00","og_image":[{"width":1050,"height":701,"url":"https:\/\/www.ericeiramag.pt\/wp-content\/uploads\/2017\/07\/210913_0006-e1500559881373.jpg","type":"image\/jpeg"}],"author":"Hugo Rocha","twitter_misc":{"Written by":"Hugo Rocha","Est. reading time":"2 minutes"},"schema":{"@context":"https:\/\/schema.org","@graph":[{"@type":"Article","@id":"https:\/\/www.ericeiramag.pt\/en\/mafra-municipality-maintains-six-beaches-with-blue-flag\/#article","isPartOf":{"@id":"https:\/\/www.ericeiramag.pt\/en\/mafra-municipality-maintains-six-beaches-with-blue-flag\/"},"author":{"name":"Hugo Rocha","@id":"https:\/\/www.ericeiramag.pt\/#\/schema\/person\/f2eb4cfc7039b4fa1a1f8f40ffe98b40"},"headline":"Mafra Municipality maintains six beaches with Blue Flag","datePublished":"2019-06-04T05:38:39+00:00","dateModified":"2019-06-05T14:32:42+00:00","mainEntityOfPage":{"@id":"https:\/\/www.ericeiramag.pt\/en\/mafra-municipality-maintains-six-beaches-with-blue-flag\/"},"wordCount":368,"publisher":{"@id":"https:\/\/www.ericeiramag.pt\/#organization"},"image":{"@id":"https:\/\/www.ericeiramag.pt\/en\/mafra-municipality-maintains-six-beaches-with-blue-flag\/#primaryimage"},"thumbnailUrl":"https:\/\/www.ericeiramag.pt\/wp-content\/uploads\/2017\/07\/210913_0006-e1500559881373.jpg","articleSection":["society"],"inLanguage":"en-US"},{"@type":"WebPage","@id":"https:\/\/www.ericeiramag.pt\/en\/mafra-municipality-maintains-six-beaches-with-blue-flag\/","url":"https:\/\/www.ericeiramag.pt\/en\/mafra-municipality-maintains-six-beaches-with-blue-flag\/","name":"Mafra Municipality maintains six beaches with Blue Flag - AZUL-ERICEIRA MAG | O melhor da Ericeira","isPartOf":{"@id":"https:\/\/www.ericeiramag.pt\/#website"},"primaryImageOfPage":{"@id":"https:\/\/www.ericeiramag.pt\/en\/mafra-municipality-maintains-six-beaches-with-blue-flag\/#primaryimage"},"image":{"@id":"https:\/\/www.ericeiramag.pt\/en\/mafra-municipality-maintains-six-beaches-with-blue-flag\/#primaryimage"},"thumbnailUrl":"https:\/\/www.ericeiramag.pt\/wp-content\/uploads\/2017\/07\/210913_0006-e1500559881373.jpg","datePublished":"2019-06-04T05:38:39+00:00","dateModified":"2019-06-05T14:32:42+00:00","inLanguage":"en-US","potentialAction":[{"@type":"ReadAction","target":["https:\/\/www.ericeiramag.pt\/en\/mafra-municipality-maintains-six-beaches-with-blue-flag\/"]}]},{"@type":"ImageObject","inLanguage":"en-US","@id":"https:\/\/www.ericeiramag.pt\/en\/mafra-municipality-maintains-six-beaches-with-blue-flag\/#primaryimage","url":"https:\/\/www.ericeiramag.pt\/wp-content\/uploads\/2017\/07\/210913_0006-e1500559881373.jpg","contentUrl":"https:\/\/www.ericeiramag.pt\/wp-content\/uploads\/2017\/07\/210913_0006-e1500559881373.jpg","width":1050,"height":701,"caption":"Praia - ph. Pedro Mestre"},{"@type":"WebSite","@id":"https:\/\/www.ericeiramag.pt\/#website","url":"https:\/\/www.ericeiramag.pt\/","name":"AZUL-ERICEIRA MAG | O melhor da Ericeira","description":"","publisher":{"@id":"https:\/\/www.ericeiramag.pt\/#organization"},"potentialAction":[{"@type":"SearchAction","target":{"@type":"EntryPoint","urlTemplate":"https:\/\/www.ericeiramag.pt\/?s={search_term_string}"},"query-input":{"@type":"PropertyValueSpecification","valueRequired":true,"valueName":"search_term_string"}}],"inLanguage":"en-US"},{"@type":"Organization","@id":"https:\/\/www.ericeiramag.pt\/#organization","name":"AZUL-ERICEIRA MAG | O melhor da Ericeira","url":"https:\/\/www.ericeiramag.pt\/","logo":{"@type":"ImageObject","inLanguage":"en-US","@id":"https:\/\/www.ericeiramag.pt\/#\/schema\/logo\/image\/","url":"https:\/\/www.ericeiramag.pt\/wp-content\/uploads\/2024\/03\/logo-branco.jpg","contentUrl":"https:\/\/www.ericeiramag.pt\/wp-content\/uploads\/2024\/03\/logo-branco.jpg","width":425,"height":283,"caption":"AZUL-ERICEIRA MAG | O melhor da Ericeira"},"image":{"@id":"https:\/\/www.ericeiramag.pt\/#\/schema\/logo\/image\/"},"sameAs":["https:\/\/www.facebook.com\/AZULericeiramag\/"]},{"@type":"Person","@id":"https:\/\/www.ericeiramag.pt\/#\/schema\/person\/f2eb4cfc7039b4fa1a1f8f40ffe98b40","name":"Hugo Rocha","image":{"@type":"ImageObject","inLanguage":"en-US","@id":"https:\/\/www.ericeiramag.pt\/#\/schema\/person\/image\/","url":"https:\/\/secure.gravatar.com\/avatar\/627e928545c6ffd19f6bcc62495815cb?s=96&d=mm&r=g","contentUrl":"https:\/\/secure.gravatar.com\/avatar\/627e928545c6ffd19f6bcc62495815cb?s=96&d=mm&r=g","caption":"Hugo Rocha"},"sameAs":["http:\/\/www.ericeiramag.pt"],"url":"https:\/\/www.ericeiramag.pt\/en"}]}},"_links":{"self":[{"href":"https:\/\/www.ericeiramag.pt\/en\/wp-json\/wp\/v2\/posts\/33618"}],"collection":[{"href":"https:\/\/www.ericeiramag.pt\/en\/wp-json\/wp\/v2\/posts"}],"about":[{"href":"https:\/\/www.ericeiramag.pt\/en\/wp-json\/wp\/v2\/types\/post"}],"author":[{"embeddable":true,"href":"https:\/\/www.ericeiramag.pt\/en\/wp-json\/wp\/v2\/users\/5"}],"replies":[{"embeddable":true,"href":"https:\/\/www.ericeiramag.pt\/en\/wp-json\/wp\/v2\/comments?post=33618"}],"version-history":[{"count":0,"href":"https:\/\/www.ericeiramag.pt\/en\/wp-json\/wp\/v2\/posts\/33618\/revisions"}],"wp:featuredmedia":[{"embeddable":true,"href":"https:\/\/www.ericeiramag.pt\/en\/wp-json\/wp\/v2\/media\/27505"}],"wp:attachment":[{"href":"https:\/\/www.ericeiramag.pt\/en\/wp-json\/wp\/v2\/media?parent=33618"}],"wp:term":[{"taxonomy":"category","embeddable":true,"href":"https:\/\/www.ericeiramag.pt\/en\/wp-json\/wp\/v2\/categories?post=33618"},{"taxonomy":"post_tag","embeddable":true,"href":"https:\/\/www.ericeiramag.pt\/en\/wp-json\/wp\/v2\/tags?post=33618"}],"curies":[{"name":"wp","href":"https:\/\/api.w.org\/{rel}","templated":true}]}}