{"id":28643,"date":"2017-10-17T06:36:22","date_gmt":"2017-10-17T05:36:22","guid":{"rendered":"http:\/\/www.ericeiramag.pt\/en\/?p=28643"},"modified":"2017-10-13T12:41:58","modified_gmt":"2017-10-13T11:41:58","slug":"ericeira-is-magical","status":"publish","type":"post","link":"https:\/\/www.ericeiramag.pt\/en\/ericeira-is-magical\/","title":{"rendered":"Ericeira is magical!"},"content":{"rendered":"<p>&nbsp;<\/p>\n<p><strong>Text and photography:<\/strong> S\u00f3nia Nunes<\/p>\n<p>&nbsp;<\/p>\n<p>Ericeira is magical!<\/p>\n<p>We can start a walk on a foggy day<br \/>\nand come back on a sunny day, perfect.<\/p>\n<p>And all this is part of its unique charm.<\/p>\n<p>The beaches of Ericeira blend this wild and<br \/>\nbitter beauty with the charm of a fable.<\/p>\n<p>There is something very mystical about it.<\/p>\n<p>With the high tide we have a scenario,<br \/>\nWith the low tide I am Happiness.<\/p>\n<p>It is wonderful to walk on the rocks,<br \/>\nupon a world that is often hidden<br \/>\nand that, on those occasions, is exposed right there<br \/>\nso it can be discovered.<\/p>\n<p>And the puddles&#8230;<br \/>\nnatural pools, large and small,<br \/>\nshells and pebbles that I collect with love.<br \/>\nIt is a delight for those with children.<\/p>\n<p>And they will tell me&#8230; the water is so cold!<br \/>\nAnd it is&#8230; it&#8217;s freezing!<\/p>\n<p>But this sea wasn&#8217;t made for people who feel cold&#8230;<br \/>\nAnd I know, that I just soak the feet and the rest of the body<br \/>\nhurriedly&#8230; but even that I love!<\/p>\n<p>And I already know the beaches here&#8230;<br \/>\nby the thickness of the sand, such is the variety.<\/p>\n<p>And it&#8217;s in this courtship, in this constant finding,<br \/>\nI&#8217;ve been living for 4 years.<\/p>\n<p>When I spoke of Ericeira, I thought I knew It.<br \/>\nBut no, not even close.<\/p>\n<p>It is much more wonderful,<br \/>\nricher and dazzling than I ever imagined.<\/p>\n<p>Always treat us with the intense and unique smell of the Sea.<br \/>\nThat I breathe in deeply whenever I get here.<\/p>\n<p>And what I feel is, first of all, this connection with Nature.<\/p>\n<p>To the indomitable and powerful nature that is evinced here.<\/p>\n<p>The Sunset is incredible here.<\/p>\n<p>They are those spectacles that make us stop the car just to look<br \/>\nand we know from the outset that the World, Life, is much more than<br \/>\nwe can see with our eyes.<\/p>\n<p>It gives us that certainty.<\/p>\n<p>Ericeira is a World to discover.<\/p>\n<p><a href=\"https:\/\/www.ericeiramag.pt\/wp-content\/uploads\/2017\/09\/20170829_173751.jpg\"><img loading=\"lazy\" decoding=\"async\" class=\"alignnone size-full wp-image-28275 colorbox-28643\" src=\"https:\/\/www.ericeiramag.pt\/wp-content\/uploads\/2017\/09\/20170829_173751.jpg\" alt=\"S\u00e3o Sebasti\u00e3o - ph. S\u00f3nia Nunes\" width=\"1600\" height=\"900\" srcset=\"https:\/\/www.ericeiramag.pt\/wp-content\/uploads\/2017\/09\/20170829_173751.jpg 1600w, https:\/\/www.ericeiramag.pt\/wp-content\/uploads\/2017\/09\/20170829_173751-300x169.jpg 300w, https:\/\/www.ericeiramag.pt\/wp-content\/uploads\/2017\/09\/20170829_173751-768x432.jpg 768w, https:\/\/www.ericeiramag.pt\/wp-content\/uploads\/2017\/09\/20170829_173751-1024x576.jpg 1024w, https:\/\/www.ericeiramag.pt\/wp-content\/uploads\/2017\/09\/20170829_173751-600x338.jpg 600w, https:\/\/www.ericeiramag.pt\/wp-content\/uploads\/2017\/09\/20170829_173751-1031x580.jpg 1031w\" sizes=\"(max-width: 1600px) 100vw, 1600px\" \/><\/a><\/p>\n<!-- AddThis Advanced Settings generic via filter on the_content --><!-- AddThis Share Buttons generic via filter on the_content -->","protected":false},"excerpt":{"rendered":"<p>In her debut in Blue Note, S\u00f3nia Nunes makes a declaration of love to Ericeira inspired by a simple walk by the sea.<!-- AddThis Advanced Settings generic via filter on get_the_excerpt --><!-- AddThis Share Buttons generic via filter on get_the_excerpt --><\/p>\n","protected":false},"author":14,"featured_media":28274,"comment_status":"closed","ping_status":"closed","sticky":false,"template":"","format":"standard","meta":{"_monsterinsights_skip_tracking":false,"_monsterinsights_sitenote_active":false,"_monsterinsights_sitenote_note":"","_monsterinsights_sitenote_category":0,"footnotes":""},"categories":[72],"tags":[],"class_list":["post-28643","post","type-post","status-publish","format-standard","has-post-thumbnail","hentry","category-blue_note"],"yoast_head":"<!-- This site is optimized with the Yoast SEO plugin v25.5 - https:\/\/yoast.com\/wordpress\/plugins\/seo\/ -->\n<title>Ericeira is magical! - AZUL-ERICEIRA MAG | O melhor da Ericeira<\/title>\n<meta name=\"robots\" content=\"index, follow, max-snippet:-1, max-image-preview:large, max-video-preview:-1\" \/>\n<link rel=\"canonical\" href=\"https:\/\/www.ericeiramag.pt\/en\/ericeira-is-magical\/\" \/>\n<meta property=\"og:locale\" content=\"en_US\" \/>\n<meta property=\"og:type\" content=\"article\" \/>\n<meta property=\"og:title\" content=\"Ericeira is magical! - AZUL-ERICEIRA MAG | O melhor da Ericeira\" \/>\n<meta property=\"og:description\" content=\"In her debut in Blue Note, S\u00f3nia Nunes makes a declaration of love to Ericeira inspired by a simple walk by the sea.\" \/>\n<meta property=\"og:url\" content=\"https:\/\/www.ericeiramag.pt\/en\/ericeira-is-magical\/\" \/>\n<meta property=\"og:site_name\" content=\"AZUL-ERICEIRA MAG | O melhor da Ericeira\" \/>\n<meta property=\"article:publisher\" content=\"https:\/\/www.facebook.com\/AZULericeiramag\/\" \/>\n<meta property=\"article:published_time\" content=\"2017-10-17T05:36:22+00:00\" \/>\n<meta property=\"og:image\" content=\"https:\/\/www.ericeiramag.pt\/wp-content\/uploads\/2017\/09\/20170829_171848-e1504709450836.jpg\" \/>\n\t<meta property=\"og:image:width\" content=\"1050\" \/>\n\t<meta property=\"og:image:height\" content=\"591\" \/>\n\t<meta property=\"og:image:type\" content=\"image\/jpeg\" \/>\n<meta name=\"author\" content=\"Rodrigo Williams\" \/>\n<meta name=\"twitter:label1\" content=\"Written by\" \/>\n\t<meta name=\"twitter:data1\" content=\"Rodrigo Williams\" \/>\n\t<meta name=\"twitter:label2\" content=\"Est. reading time\" \/>\n\t<meta name=\"twitter:data2\" content=\"2 minutes\" \/>\n<script type=\"application\/ld+json\" class=\"yoast-schema-graph\">{\"@context\":\"https:\/\/schema.org\",\"@graph\":[{\"@type\":\"Article\",\"@id\":\"https:\/\/www.ericeiramag.pt\/en\/ericeira-is-magical\/#article\",\"isPartOf\":{\"@id\":\"https:\/\/www.ericeiramag.pt\/en\/ericeira-is-magical\/\"},\"author\":{\"name\":\"Rodrigo Williams\",\"@id\":\"https:\/\/www.ericeiramag.pt\/#\/schema\/person\/772d0d7a332d2692f98da11f88677afd\"},\"headline\":\"Ericeira is magical!\",\"datePublished\":\"2017-10-17T05:36:22+00:00\",\"mainEntityOfPage\":{\"@id\":\"https:\/\/www.ericeiramag.pt\/en\/ericeira-is-magical\/\"},\"wordCount\":327,\"publisher\":{\"@id\":\"https:\/\/www.ericeiramag.pt\/#organization\"},\"image\":{\"@id\":\"https:\/\/www.ericeiramag.pt\/en\/ericeira-is-magical\/#primaryimage\"},\"thumbnailUrl\":\"https:\/\/www.ericeiramag.pt\/wp-content\/uploads\/2017\/09\/20170829_171848-e1504709450836.jpg\",\"articleSection\":[\"Blue Note\"],\"inLanguage\":\"en-US\"},{\"@type\":\"WebPage\",\"@id\":\"https:\/\/www.ericeiramag.pt\/en\/ericeira-is-magical\/\",\"url\":\"https:\/\/www.ericeiramag.pt\/en\/ericeira-is-magical\/\",\"name\":\"Ericeira is magical! - AZUL-ERICEIRA MAG | O melhor da Ericeira\",\"isPartOf\":{\"@id\":\"https:\/\/www.ericeiramag.pt\/#website\"},\"primaryImageOfPage\":{\"@id\":\"https:\/\/www.ericeiramag.pt\/en\/ericeira-is-magical\/#primaryimage\"},\"image\":{\"@id\":\"https:\/\/www.ericeiramag.pt\/en\/ericeira-is-magical\/#primaryimage\"},\"thumbnailUrl\":\"https:\/\/www.ericeiramag.pt\/wp-content\/uploads\/2017\/09\/20170829_171848-e1504709450836.jpg\",\"datePublished\":\"2017-10-17T05:36:22+00:00\",\"inLanguage\":\"en-US\",\"potentialAction\":[{\"@type\":\"ReadAction\",\"target\":[\"https:\/\/www.ericeiramag.pt\/en\/ericeira-is-magical\/\"]}]},{\"@type\":\"ImageObject\",\"inLanguage\":\"en-US\",\"@id\":\"https:\/\/www.ericeiramag.pt\/en\/ericeira-is-magical\/#primaryimage\",\"url\":\"https:\/\/www.ericeiramag.pt\/wp-content\/uploads\/2017\/09\/20170829_171848-e1504709450836.jpg\",\"contentUrl\":\"https:\/\/www.ericeiramag.pt\/wp-content\/uploads\/2017\/09\/20170829_171848-e1504709450836.jpg\",\"width\":1050,\"height\":591,\"caption\":\"S\u00e3o Sebasti\u00e3o - ph. S\u00f3nia Nunes\"},{\"@type\":\"WebSite\",\"@id\":\"https:\/\/www.ericeiramag.pt\/#website\",\"url\":\"https:\/\/www.ericeiramag.pt\/\",\"name\":\"AZUL-ERICEIRA MAG | O melhor da Ericeira\",\"description\":\"\",\"publisher\":{\"@id\":\"https:\/\/www.ericeiramag.pt\/#organization\"},\"potentialAction\":[{\"@type\":\"SearchAction\",\"target\":{\"@type\":\"EntryPoint\",\"urlTemplate\":\"https:\/\/www.ericeiramag.pt\/?s={search_term_string}\"},\"query-input\":{\"@type\":\"PropertyValueSpecification\",\"valueRequired\":true,\"valueName\":\"search_term_string\"}}],\"inLanguage\":\"en-US\"},{\"@type\":\"Organization\",\"@id\":\"https:\/\/www.ericeiramag.pt\/#organization\",\"name\":\"AZUL-ERICEIRA MAG | O melhor da Ericeira\",\"url\":\"https:\/\/www.ericeiramag.pt\/\",\"logo\":{\"@type\":\"ImageObject\",\"inLanguage\":\"en-US\",\"@id\":\"https:\/\/www.ericeiramag.pt\/#\/schema\/logo\/image\/\",\"url\":\"https:\/\/www.ericeiramag.pt\/wp-content\/uploads\/2024\/03\/logo-branco.jpg\",\"contentUrl\":\"https:\/\/www.ericeiramag.pt\/wp-content\/uploads\/2024\/03\/logo-branco.jpg\",\"width\":425,\"height\":283,\"caption\":\"AZUL-ERICEIRA MAG | O melhor da Ericeira\"},\"image\":{\"@id\":\"https:\/\/www.ericeiramag.pt\/#\/schema\/logo\/image\/\"},\"sameAs\":[\"https:\/\/www.facebook.com\/AZULericeiramag\/\"]},{\"@type\":\"Person\",\"@id\":\"https:\/\/www.ericeiramag.pt\/#\/schema\/person\/772d0d7a332d2692f98da11f88677afd\",\"name\":\"Rodrigo Williams\",\"image\":{\"@type\":\"ImageObject\",\"inLanguage\":\"en-US\",\"@id\":\"https:\/\/www.ericeiramag.pt\/#\/schema\/person\/image\/\",\"url\":\"https:\/\/secure.gravatar.com\/avatar\/b16e30836a09217884aa48b130989330?s=96&d=mm&r=g\",\"contentUrl\":\"https:\/\/secure.gravatar.com\/avatar\/b16e30836a09217884aa48b130989330?s=96&d=mm&r=g\",\"caption\":\"Rodrigo Williams\"},\"url\":\"https:\/\/www.ericeiramag.pt\/en\"}]}<\/script>\n<!-- \/ Yoast SEO plugin. -->","yoast_head_json":{"title":"Ericeira is magical! - AZUL-ERICEIRA MAG | O melhor da Ericeira","robots":{"index":"index","follow":"follow","max-snippet":"max-snippet:-1","max-image-preview":"max-image-preview:large","max-video-preview":"max-video-preview:-1"},"canonical":"https:\/\/www.ericeiramag.pt\/en\/ericeira-is-magical\/","og_locale":"en_US","og_type":"article","og_title":"Ericeira is magical! - AZUL-ERICEIRA MAG | O melhor da Ericeira","og_description":"In her debut in Blue Note, S\u00f3nia Nunes makes a declaration of love to Ericeira inspired by a simple walk by the sea.","og_url":"https:\/\/www.ericeiramag.pt\/en\/ericeira-is-magical\/","og_site_name":"AZUL-ERICEIRA MAG | O melhor da Ericeira","article_publisher":"https:\/\/www.facebook.com\/AZULericeiramag\/","article_published_time":"2017-10-17T05:36:22+00:00","og_image":[{"width":1050,"height":591,"url":"https:\/\/www.ericeiramag.pt\/wp-content\/uploads\/2017\/09\/20170829_171848-e1504709450836.jpg","type":"image\/jpeg"}],"author":"Rodrigo Williams","twitter_misc":{"Written by":"Rodrigo Williams","Est. reading time":"2 minutes"},"schema":{"@context":"https:\/\/schema.org","@graph":[{"@type":"Article","@id":"https:\/\/www.ericeiramag.pt\/en\/ericeira-is-magical\/#article","isPartOf":{"@id":"https:\/\/www.ericeiramag.pt\/en\/ericeira-is-magical\/"},"author":{"name":"Rodrigo Williams","@id":"https:\/\/www.ericeiramag.pt\/#\/schema\/person\/772d0d7a332d2692f98da11f88677afd"},"headline":"Ericeira is magical!","datePublished":"2017-10-17T05:36:22+00:00","mainEntityOfPage":{"@id":"https:\/\/www.ericeiramag.pt\/en\/ericeira-is-magical\/"},"wordCount":327,"publisher":{"@id":"https:\/\/www.ericeiramag.pt\/#organization"},"image":{"@id":"https:\/\/www.ericeiramag.pt\/en\/ericeira-is-magical\/#primaryimage"},"thumbnailUrl":"https:\/\/www.ericeiramag.pt\/wp-content\/uploads\/2017\/09\/20170829_171848-e1504709450836.jpg","articleSection":["Blue Note"],"inLanguage":"en-US"},{"@type":"WebPage","@id":"https:\/\/www.ericeiramag.pt\/en\/ericeira-is-magical\/","url":"https:\/\/www.ericeiramag.pt\/en\/ericeira-is-magical\/","name":"Ericeira is magical! - AZUL-ERICEIRA MAG | O melhor da Ericeira","isPartOf":{"@id":"https:\/\/www.ericeiramag.pt\/#website"},"primaryImageOfPage":{"@id":"https:\/\/www.ericeiramag.pt\/en\/ericeira-is-magical\/#primaryimage"},"image":{"@id":"https:\/\/www.ericeiramag.pt\/en\/ericeira-is-magical\/#primaryimage"},"thumbnailUrl":"https:\/\/www.ericeiramag.pt\/wp-content\/uploads\/2017\/09\/20170829_171848-e1504709450836.jpg","datePublished":"2017-10-17T05:36:22+00:00","inLanguage":"en-US","potentialAction":[{"@type":"ReadAction","target":["https:\/\/www.ericeiramag.pt\/en\/ericeira-is-magical\/"]}]},{"@type":"ImageObject","inLanguage":"en-US","@id":"https:\/\/www.ericeiramag.pt\/en\/ericeira-is-magical\/#primaryimage","url":"https:\/\/www.ericeiramag.pt\/wp-content\/uploads\/2017\/09\/20170829_171848-e1504709450836.jpg","contentUrl":"https:\/\/www.ericeiramag.pt\/wp-content\/uploads\/2017\/09\/20170829_171848-e1504709450836.jpg","width":1050,"height":591,"caption":"S\u00e3o Sebasti\u00e3o - ph. S\u00f3nia Nunes"},{"@type":"WebSite","@id":"https:\/\/www.ericeiramag.pt\/#website","url":"https:\/\/www.ericeiramag.pt\/","name":"AZUL-ERICEIRA MAG | O melhor da Ericeira","description":"","publisher":{"@id":"https:\/\/www.ericeiramag.pt\/#organization"},"potentialAction":[{"@type":"SearchAction","target":{"@type":"EntryPoint","urlTemplate":"https:\/\/www.ericeiramag.pt\/?s={search_term_string}"},"query-input":{"@type":"PropertyValueSpecification","valueRequired":true,"valueName":"search_term_string"}}],"inLanguage":"en-US"},{"@type":"Organization","@id":"https:\/\/www.ericeiramag.pt\/#organization","name":"AZUL-ERICEIRA MAG | O melhor da Ericeira","url":"https:\/\/www.ericeiramag.pt\/","logo":{"@type":"ImageObject","inLanguage":"en-US","@id":"https:\/\/www.ericeiramag.pt\/#\/schema\/logo\/image\/","url":"https:\/\/www.ericeiramag.pt\/wp-content\/uploads\/2024\/03\/logo-branco.jpg","contentUrl":"https:\/\/www.ericeiramag.pt\/wp-content\/uploads\/2024\/03\/logo-branco.jpg","width":425,"height":283,"caption":"AZUL-ERICEIRA MAG | O melhor da Ericeira"},"image":{"@id":"https:\/\/www.ericeiramag.pt\/#\/schema\/logo\/image\/"},"sameAs":["https:\/\/www.facebook.com\/AZULericeiramag\/"]},{"@type":"Person","@id":"https:\/\/www.ericeiramag.pt\/#\/schema\/person\/772d0d7a332d2692f98da11f88677afd","name":"Rodrigo Williams","image":{"@type":"ImageObject","inLanguage":"en-US","@id":"https:\/\/www.ericeiramag.pt\/#\/schema\/person\/image\/","url":"https:\/\/secure.gravatar.com\/avatar\/b16e30836a09217884aa48b130989330?s=96&d=mm&r=g","contentUrl":"https:\/\/secure.gravatar.com\/avatar\/b16e30836a09217884aa48b130989330?s=96&d=mm&r=g","caption":"Rodrigo Williams"},"url":"https:\/\/www.ericeiramag.pt\/en"}]}},"_links":{"self":[{"href":"https:\/\/www.ericeiramag.pt\/en\/wp-json\/wp\/v2\/posts\/28643"}],"collection":[{"href":"https:\/\/www.ericeiramag.pt\/en\/wp-json\/wp\/v2\/posts"}],"about":[{"href":"https:\/\/www.ericeiramag.pt\/en\/wp-json\/wp\/v2\/types\/post"}],"author":[{"embeddable":true,"href":"https:\/\/www.ericeiramag.pt\/en\/wp-json\/wp\/v2\/users\/14"}],"replies":[{"embeddable":true,"href":"https:\/\/www.ericeiramag.pt\/en\/wp-json\/wp\/v2\/comments?post=28643"}],"version-history":[{"count":0,"href":"https:\/\/www.ericeiramag.pt\/en\/wp-json\/wp\/v2\/posts\/28643\/revisions"}],"wp:featuredmedia":[{"embeddable":true,"href":"https:\/\/www.ericeiramag.pt\/en\/wp-json\/wp\/v2\/media\/28274"}],"wp:attachment":[{"href":"https:\/\/www.ericeiramag.pt\/en\/wp-json\/wp\/v2\/media?parent=28643"}],"wp:term":[{"taxonomy":"category","embeddable":true,"href":"https:\/\/www.ericeiramag.pt\/en\/wp-json\/wp\/v2\/categories?post=28643"},{"taxonomy":"post_tag","embeddable":true,"href":"https:\/\/www.ericeiramag.pt\/en\/wp-json\/wp\/v2\/tags?post=28643"}],"curies":[{"name":"wp","href":"https:\/\/api.w.org\/{rel}","templated":true}]}}