{"id":25842,"date":"2017-05-23T07:00:52","date_gmt":"2017-05-23T06:00:52","guid":{"rendered":"http:\/\/www.ericeiramag.pt\/en\/?p=25842"},"modified":"2017-05-23T09:47:57","modified_gmt":"2017-05-23T08:47:57","slug":"nick-willing-ericeira-is-dame-paula-regos-most-powerful-life-memory","status":"publish","type":"post","link":"https:\/\/www.ericeiramag.pt\/en\/nick-willing-ericeira-is-dame-paula-regos-most-powerful-life-memory\/","title":{"rendered":"Nick Willing: \u201cEriceira is Paula Rego\u2019s most powerful life memory\u201d"},"content":{"rendered":"<p>&nbsp;<\/p>\n<p><strong>Interview:<\/strong> Ricardo Miguel Vieira | <strong>Ph<\/strong><strong>otos:<\/strong>\u00a0Rego&#8217;s Family archive<\/p>\n<p>&nbsp;<\/p>\n<p><span style=\"font-weight: 400;\">In art, as in many other areas of life, secrets are golden. Whether in music, films, or paintings, the depth of meanings and intentions expressed by the author in his signature pieces isn\u2019t always a crystal-blue narrative. There are songs requiring a prolonged listening; films begging for a rerun; paintings imposing a profound contemplation. Scrutinising these works of art, however, gives birth to countless written lines and debated judgements seeking to unveil the authors\u2019 mysterious and enigmatic life experiences that may be hidden in their art. And few have been able to keep their secrets so perfectly enfolded on their body of work as Dame Paula Rego.<\/span><\/p>\n<p><span style=\"font-weight: 400;\">Born on January 26, 1935, the 82-year-old Portuguese painter, who\u2019s one of the most important figures in contemporary art, has always guarded her personal life journey. She\u2019s truly a closed book, both for her audience but also her family and close friends. Her secrets would only be unveiled through her paintings, which has been a sort of safe universe for the artist born in Lisboa. Rego\u2019s cathartic drawings of overflowing emotions bluntly exposed her inner-restlessness and <\/span><i><span style=\"font-weight: 400;\">took<\/span><\/i><span style=\"font-weight: 400;\"> her on a trip through memory lane to the most remarkable and enduring places and events of her life. Among those places \u2013 both physical and emotional \u2013, no other had such a strong a deep impact in Rego\u2019s life and artwork as the village of Ericeira.<\/span><\/p>\n<p><span style=\"font-weight: 400;\">It\u2019s likely that Dame Paula Rego doesn\u2019t recall the first time she stepped foot in Ericeira \u2013 she was yet a little baby. But what\u2019s certain is that the years she spent in the village are alive and well in her heart. It was between 1957 and 74, a stretch of time juxtaposing the darkest and happiest moments of her life \u2013 from her love story with the British painter Victor Willing to the birth of her three children; from her arts emancipation to her father\u2019s death, her husband\u2019s illness, depression and the stroke of mercy that was giving away her adored Quinta Figueiroa Rego, in Ericeira, right after the Democratic Revolution. A series of episodes that were (finally!) documented in <\/span><i><span style=\"font-weight: 400;\">Paula Rego: Stories and Secrets<\/span><\/i><span style=\"font-weight: 400;\">, a film directed by her son Nick Willing revealing Rego\u2019s life story and the pivotal relationship with Ericeira in her career.<\/span><\/p>\n<p style=\"text-align: left;\"><span style=\"font-weight: 400;\">And it was from London, the city where she\u2019s been living for more than four decades, that Nick Willing, the men behind the lens, spoke with <a href=\"https:\/\/www.ericeiramag.pt\/en\" target=\"_blank\">AZUL<\/a> and unearthed Dame Paula Rego\u2019s intrinsic connection with Ericeira.<\/span><\/p>\n<p>&nbsp;<\/p>\n<p><b>On previous interviews about your mother, you said that she was always a mystery for you. Now after all the conversations you had with her for the documentary, do you feel she\u2019s still a mystery?<\/b><\/p>\n<p><span style=\"font-weight: 400;\">Well, she&#8217;s still a little bit of a mystery, yes. I&#8217;m closer to her than I&#8217;ve ever been before and she told me things that she never did before. I know her better now than ever. But it&#8217;s not so much that she&#8217;s still a mystery, it&#8217;s more that her work is still somewhat an enigma. But it&#8217;s clearer now to me, now I understand a lot better what it is to be her, to be an artist, to be Paula Rego, and why she&#8217;s made those choices in her life. This is a big thing for me, understanding the way she&#8217;s treated her family, the people around her, and me.<\/span><\/p>\n<p>&nbsp;<\/p>\n<p><b>What is it that you now see in her art that felt like an enigma for you before?<\/b><\/p>\n<p><span style=\"font-weight: 400;\">I always thought I knew her work better than a lot of people who were experts about her art, and that&#8217;s one of the reasons I wanted to make this film. Academics and experts who seem to know a lot of her work write about it, but I\u2019d read them sometimes ask my mother, &#8216;what the hell are these people talking about&#8217;. She&#8217;d say, &#8216;I don&#8217;t know, but it doesn&#8217;t matter&#8217;. &#8216;They have their own ideas and that&#8217;s what&#8217;s important. It doesn&#8217;t have to be what I&#8217;m doing, it can be what they think I&#8217;m doing, it&#8217;s just as valid&#8217;. That&#8217;s one of the things I&#8217;ve always found quite funny. She says that if people find their own story in her pictures, then that&#8217;s very good too. But what I was interested in finding out was her story, why she did it, and what were the secrets behind the paintings. What I discovered was that she picks a story and starts working on it, but then the story changes and she starts doing all sorts of other things. She doesn&#8217;t know why at first, only then she realises actually it&#8217;s to do with something very personal in her life she hasn&#8217;t yet come to terms with or that she feels she needs to explore unconsciously. That&#8217;s what I would call the secret in the paintings that she doesn&#8217;t ever talk about. She doesn&#8217;t let people know what it is, but it&#8217;s what gives the picture its power. Actually, the things that are authentic, intimate and personal are what give your work its power. It&#8217;s true with every artist, whether they are a painter or a musician.<\/span><\/p>\n<p>&nbsp;<\/p>\n<p><b>Right at the beginning of the documentary, she says she needs to go back to a place she knew as a child to find the background of her paintings. Would you reckon this place being Ericeira?<\/b><\/p>\n<p>Oh yeah. Oh my god, Ericeira is in everything. Do you know the movie \u201cCitizen Kane\u201d**? You know, Rosebud is the thing that Kane [the main character] is always trying to go back to, which is the thing in he&#8217;s childhood that he never quite had. Ericeira is my Rosebud \u2013 I grew there until I was 18 -, and in a sense, it&#8217;s also a little to my mother. Ericeira was the place that she loved being in as a child and the place where she had the happiest time in her life. It&#8217;s the place that, as a child, she remembers most fondly, to where she moved to when she first got together with my father, had her first daughter and where she established herself as a great painter. Ericeira is perhaps the most powerful memory that she has in her life.<\/p>\n<p>&nbsp;<\/p>\n<p><b>Did she tell you about the first time she visited Ericeira?<\/b><\/p>\n<p><span style=\"font-weight: 400;\">When she was a tiny little baby, her parents had come to England so her father could finish his studies at Marconi [a former telecommunication\u2019s company]. In those days, you couldn&#8217;t go back and forth, there were no planes like there are now, so you&#8217;d [drive to France and] take a ferry [in the English Channel] \u2013 plus, there was the II World War right around the corner. So she had two years living with her grandparents in the Quinta [Figueroa Rego] when she was very little. That&#8217;s why i say Ericeira was like her Rosebud, because it was the most happy place of her childhood and where she would grow up.<\/span><\/p>\n<p><span style=\"font-weight: 400;\">Eventually her parents came back and when she was 3-years old, she got diagnosed with Tuberculosis and the doctor said she had to move closer to the sea. So they built this house in Estoril to where they moved, but she always hated the house. We still have that place, I was there recently. It\u2019s a lovely house, but it has all sorts of different feelings. I was also brought up in Estoril, but we would always go back to Ericeira on weekends and the summers.<\/span><\/p>\n<div id=\"attachment_25197\" style=\"width: 695px\" class=\"wp-caption alignnone\"><a href=\"https:\/\/www.ericeiramag.pt\/wp-content\/uploads\/2017\/04\/paula_rego_com_os_pais.jpg\"><img loading=\"lazy\" decoding=\"async\" aria-describedby=\"caption-attachment-25197\" class=\"size-full wp-image-25197 colorbox-25842\" src=\"https:\/\/www.ericeiramag.pt\/wp-content\/uploads\/2017\/04\/paula_rego_com_os_pais.jpg\" alt=\"Paula Rego with her father, Jos\u00e9 Figueiroa Rego, and her mother, Maria de S\u00e3o Jos\u00e9 Paiva.\" width=\"685\" height=\"900\" srcset=\"https:\/\/www.ericeiramag.pt\/wp-content\/uploads\/2017\/04\/paula_rego_com_os_pais.jpg 685w, https:\/\/www.ericeiramag.pt\/wp-content\/uploads\/2017\/04\/paula_rego_com_os_pais-228x300.jpg 228w, https:\/\/www.ericeiramag.pt\/wp-content\/uploads\/2017\/04\/paula_rego_com_os_pais-600x788.jpg 600w, https:\/\/www.ericeiramag.pt\/wp-content\/uploads\/2017\/04\/paula_rego_com_os_pais-441x580.jpg 441w\" sizes=\"(max-width: 685px) 100vw, 685px\" \/><\/a><p id=\"caption-attachment-25197\" class=\"wp-caption-text\">Paula Rego with her father, Jos\u00e9 Figueiroa Rego, and her mother, Maria de S\u00e3o Jos\u00e9 Paiva.<\/p><\/div>\n<blockquote><p><em>Ericeira was the place that she loved being in as a child and the place where she had the happiest time in her life.<\/em><\/p><\/blockquote>\n<p><b>The period in which you and your family spent most of the time in Ericeira is somehow extensively depicted on the documentary. I imagine you also hold Ericeira very dearly.<\/b><\/p>\n<p><span style=\"font-weight: 400;\">Ericeira is a really strong memory for me, I spent a lot of time there until I was 18 years old, when we then had to sell the Quinta. The old films [in the documentary] where shot by me while a teenager in the 70s. On that sequence in Ribas, praia do Sul [South beach], and the Mil Regos [stronghold], I was trying to create Ericeira\u2019s atmosphere at that time, but then I got really stuck. So I remembered the song &#8220;<a href=\"https:\/\/www.youtube.com\/watch?v=mrLnum10oxM\" target=\"_blank\">Naufr\u00e1gio&#8221; of Am\u00e1lia Rodrigues<\/a>. The two guitars gave that feeling of sadness, longing, <\/span><i><span style=\"font-weight: 400;\">saudade<\/span><\/i><span style=\"font-weight: 400;\">, excitement, and sexiness. The thing I remember about Ericeira is that it was a very sexy place, and different from anywhere else in Portugal.<\/span><\/p>\n<p>&nbsp;<\/p>\n<p><b>Those weekends and holidays in Ericeira were particularly productive for Dame Paula Rego? How was the daily life at the Quinta?<\/b><\/p>\n<p><span style=\"font-weight: 400;\">It was a very evocative time, very powerful, with the terrible wine <\/span><i><span style=\"font-weight: 400;\">carrasc\u00e3o<\/span><\/i><span style=\"font-weight: 400;\"> that we all found delicious [risos]. I&#8217;d go buy it with a <\/span><i><span style=\"font-weight: 400;\">garraf\u00e3o <\/span><\/i><span style=\"font-weight: 400;\">[small sort of wine barrel made of plastic], it costed like nine <\/span><i><span style=\"font-weight: 400;\">escudos<\/span><\/i><span style=\"font-weight: 400;\"> [the Portuguese currency at the time] per litre. We\u2019d all have purple diarrhea and green teeth, but we&#8217;d all drink that stuff like it was Ribena [laughs]. It was a very magical time.<\/span><\/p>\n<p><span style=\"font-weight: 400;\">A lot of important British artists like Mike Andrews and Peter Snow would come to the Quinta and sometimes stay the whole Summer just to paint. It became a kind of summer camp for them. They were fascinated by Ericeira\u2019s light &#8211; something my mother never really used. She\u2019d bury herself in her studio in the <\/span><i><span style=\"font-weight: 400;\">adega<\/span><\/i><span style=\"font-weight: 400;\"> and explore her inner landscape. So we&#8217;d have these amazing parties where people would be drinking <\/span><i><span style=\"font-weight: 400;\">carrasc\u00e3o <\/span><\/i><span style=\"font-weight: 400;\">the whole day. It was like an artists\u2019 sanctuary.<\/span><\/p>\n<p>&nbsp;<\/p>\n<p><b>That sort of creative yet natural environment inspired your mother\u2019s art?<\/b><\/p>\n<p><span style=\"font-weight: 400;\">The fuel for her work has always been what&#8217;s inside of her, very rarely what&#8217;s outside. Her experiences are always inside her and she explores them. They are all touched by people and places and all those things magic, but when she&#8217;s painting what pops up in her work is her childhood or a place like Ericeira. But what she&#8217;s really doing [in her paintings] is going back to a feeling or relationship that she&#8217;s trying to understand better.<\/span><\/p>\n<p>&nbsp;<\/p>\n<p><b>And besides the Quinta, what other places did she like to go to in Ericeira?<\/b><\/p>\n<p><span style=\"font-weight: 400;\">She loved dancing in Ouri\u00e7o with my father. It was always hard for me to get in, but my parents and sisters would go there often. She&#8217;d also go eat in places like P\u00e1tio dos Marialvas, opposite to Caf\u00e9 Xico. We <\/span><i><span style=\"font-weight: 400;\">lived<\/span><\/i><span style=\"font-weight: 400;\"> in Xico, that was our HQ in Ericeira. We had lots of family in Ericeira, like our cousin Ana Maria and <\/span><i><span style=\"font-weight: 400;\">av\u00f3 <\/span><\/i><span style=\"font-weight: 400;\">[granma] Bit\u00f3. Her huge house is overlooking the Ribas and my mother would go there a lot.<\/span><\/p>\n<p><span style=\"font-weight: 400;\">We\u2019d go to the Mil Regos beach [today known as Empa] every single day. All those pictures of her half naked on the beach in the documentary were filmed in Milregos. In those days, you couldn&#8217;t drive there, you had to walk over the rocks. We&#8217;d go in the morning, picked the shells off the rocks and cooked in a pan for lunch. When she was little, she would go mostly to praia do Sul with her parents, even before the hotel was built.<\/span><\/p>\n<p>&nbsp;<\/p>\n<p><span style=\"font-weight: 400;\">A lot of these places come up on her paintings. If you look at one of her latest, \u201c<a href=\"https:\/\/issuu.com\/marlboroughfineart\/docs\/1622_mfa_paula_rego_artwork_01_issu?e=10236032\/9274944\" target=\"_blank\">The Last King of Portugal<\/a>\u201d, you see the king roawing away from the Ribas, because that&#8217;s where he apparently got the boat to go to Gibraltar and then come to England. He sort of ran away from Ericeira and I think she did that [painting] remembering how she had to runaway herself.<\/span><\/p>\n<div id=\"attachment_25845\" style=\"width: 1290px\" class=\"wp-caption alignnone\"><a href=\"https:\/\/www.ericeiramag.pt\/wp-content\/uploads\/2017\/05\/unspecified25.jpg\"><img loading=\"lazy\" decoding=\"async\" aria-describedby=\"caption-attachment-25845\" class=\"wp-image-25845 size-full colorbox-25842\" src=\"https:\/\/www.ericeiramag.pt\/wp-content\/uploads\/2017\/05\/unspecified25.jpg\" alt=\"Fam\u00edlia Rego\" width=\"1280\" height=\"886\" srcset=\"https:\/\/www.ericeiramag.pt\/wp-content\/uploads\/2017\/05\/unspecified25.jpg 1280w, https:\/\/www.ericeiramag.pt\/wp-content\/uploads\/2017\/05\/unspecified25-300x208.jpg 300w, https:\/\/www.ericeiramag.pt\/wp-content\/uploads\/2017\/05\/unspecified25-768x532.jpg 768w, https:\/\/www.ericeiramag.pt\/wp-content\/uploads\/2017\/05\/unspecified25-1024x709.jpg 1024w, https:\/\/www.ericeiramag.pt\/wp-content\/uploads\/2017\/05\/unspecified25-600x415.jpg 600w, https:\/\/www.ericeiramag.pt\/wp-content\/uploads\/2017\/05\/unspecified25-838x580.jpg 838w\" sizes=\"(max-width: 1280px) 100vw, 1280px\" \/><\/a><p id=\"caption-attachment-25845\" class=\"wp-caption-text\">Paula Rego with her husband, Victor Willing, and their three children &#8211; Victoria, Nick and Caroline.<\/p><\/div>\n<blockquote><p><em>Quinta Figueroa Rego was like an artists\u2019 sanctuary.<\/em><\/p><\/blockquote>\n<p><b>Were there any particular traditions in Ericeira that she embraced?<\/b><\/p>\n<p><span style=\"font-weight: 400;\">I remember going to church sometimes, I thought that was quite funny. But the most important ritual was going for the first time to the movie house in the Casino. When she was a little kid, she saw \u201cSnow White and the Seven Dwarfs\u201d in that cinema. That was her introduction to movies and animation, which change her life.<\/span><\/p>\n<p>&nbsp;<\/p>\n<p><b>In the documentary, your mother describes her work on the subject of abortion and even tells dramatic tales about fishermen\u2019s wives in Ericeira. Did she dig deep into any of those particular stories?<\/b><\/p>\n<p><span style=\"font-weight: 400;\">She told about women coming to her door asking for money because they needed to have an abortion. In those days, women were treated very badly and they couldn&#8217;t look after all their children.\u00a0<\/span><\/p>\n<p><span style=\"font-weight: 400;\">One that she remembers quite vividly is of a woman called Feij\u00e3o, whom one day knocked on our door asking for money because she needed and abortion. She lived at the top of our Quinta, had 10 children and would be beaten quite badly by her husband, who&#8217;d come home drunk. One day she needed an abortion because she couldn&#8217;t have another kid, she was barely able to look after the 10 she already had. So she came asking for help.<\/span><\/p>\n<p><span style=\"font-weight: 400;\">My mother remembers quite well the desperate situations of women in the village because the poverty was horrible in the 60s and 70s, people were really suffering in a way that was really difficult to bear. I mean the stories of Ericeira aren&#8217;t all colourful. For my mother, they are mixed with a lot of sadness and hardship too.<\/span><\/p>\n<p>&nbsp;<\/p>\n<p><b>How did your mother feel about selling the Quinta and leaving Ericeira?<\/b><\/p>\n<p><span style=\"font-weight: 400;\">She was heartbroken, we all were. It was the most heartbreaking episode in our lives because everything went wrong, and it was our fault. We lost the Quinta, we had no money, my father got very ill and my mother had a bit of a breakdown. I think she kind of lost the plot there for a bit and we had to leave the country because there was nothing else there [for us]. They had to find work as artists, but you couldn&#8217;t really make a living as an artist in Portugal.<\/span><\/p>\n<p><span style=\"font-weight: 400;\">We ended up losing the Quinta in the 70s for very little money, we were forced to sell it to pay off a debt from the factory that my father took over when my grandfather died. The Quinta was set as collateral, but eventually was sold for today\u2019s equivalent of \u20ac50.000. It was 28-acres\u2019 farm with lots of [surrounding] buildings and a forest. If it had been sold 10 years later, we would of been able to really easily pay the debt. But at that moment we were completely bankrupt, we didn&#8217;t have any money and we didn&#8217;t kno.w if we were ever going to make money again. My mother never made any money until the mid-80s.<\/span><\/p>\n<div id=\"attachment_25052\" style=\"width: 1060px\" class=\"wp-caption alignnone\"><a href=\"https:\/\/www.ericeiramag.pt\/wp-content\/uploads\/2017\/04\/unspecified6-e1492442301372.jpg\"><img loading=\"lazy\" decoding=\"async\" aria-describedby=\"caption-attachment-25052\" class=\"size-full wp-image-25052 colorbox-25842\" src=\"https:\/\/www.ericeiramag.pt\/wp-content\/uploads\/2017\/04\/unspecified6-e1492442301372.jpg\" alt=\"Paula Rego e o marido Vic Willing na Ericeira - ph. Manoela Morais.\" width=\"1050\" height=\"725\" \/><\/a><p id=\"caption-attachment-25052\" class=\"wp-caption-text\">Paula Rego and husband\u00a0Vic Willing in Ericeira &#8211; ph. Manoela Morais.<\/p><\/div>\n<blockquote><p><em>My mother remembers quite well the desperate situations of women in the village because the poverty was horrible in the 60s and 70<\/em><\/p><\/blockquote>\n<p><b>Is that why she never came back to visit Ericeira? Can we expect to have her among<\/b> <b>us someday soon?<\/b><\/p>\n<p><span style=\"font-weight: 400;\">It&#8217;s like losing a lover, it&#8217;s a sort of form of bereavement for her. Ericeira and the Quinta were the most important and magical place of our lives, and one of the reasons she finds it quite hard to go back to Portugal. She loves Portugal, but she lost the very heart of it: the Quinta where her father was brought up and where she and her children were brought up. She had this powerful connection to this magical place and when it was all lost, she found it very hard to return. Even I can hardly go back. I\u2019m someone who never cries, but it does happen when I visit Ericeira. It\u2019s very sad.<\/span><\/p>\n<p>&nbsp;<\/p>\n<p><b>Your documentary shows us recent footage from Quinta Figueiroa Rego, which probably means that you\u2019ve visited the village quite recentely and saw the transformation of the Quinta\u2019s area. What do you think about what\u2019s been made of the Quinta?<\/b><\/p>\n<p><span style=\"font-weight: 400;\">Imagine losing one of the things you love most and then going back only to see that it\u2019s been <\/span><i><span style=\"font-weight: 400;\">destroyed.<\/span><\/i><span style=\"font-weight: 400;\"> It\u2019s a real shame that they&#8217;ve built houses around. The thing about the Portuguese is that they are not very good at looking after precious things that they have. Maybe now they&#8217;re going to start being a bit more sensible. But Ericeira was always the most beautiful place until they&#8217;ve started building all those horrible, big <\/span><i><span style=\"font-weight: 400;\">pr\u00e9dios<\/span><\/i><span style=\"font-weight: 400;\"> [buildings]. The old town \u2013 the <\/span><i><span style=\"font-weight: 400;\">Jogo da Bola<\/span><\/i><span style=\"font-weight: 400;\"> &#8211; is still very beautiful, but every time I go back I just think, &#8216;oh they&#8217;re trying to ruin it again&#8217;.<\/span><\/p>\n<p>Surfing is great by the way, I love how Ericeira became a cool surfing spot. I just hope they keep the village old and funky.<\/p>\n<p>&nbsp;<\/p>\n<p><b>In Cascais we have Casa das Hist\u00f3rias de Paula Rego. Wouldn&#8217;t Quinta Figueira Rego be the ideal place to create a museum surrounded with gardens where the life and art of Paula Rego could be celebrated?<\/b><\/p>\n<p><span style=\"font-weight: 400;\">I don&#8217;t think they&#8217;d ever want to do that. Ironically, we sold it to a man called Mr. Guerra [Mr. War], who showed up with a suitcase full of <\/span><i><span style=\"font-weight: 400;\">contos <\/span><\/i><span style=\"font-weight: 400;\">[the word for thousands of <\/span><i><span style=\"font-weight: 400;\">escudos<\/span><\/i><span style=\"font-weight: 400;\">]. He then dug up the earth to sell the clay, following cutting down the forest to sell the wood. Then he started selling lots around it so people could build houses. I went there quite recently, yes, and huge holes are still visible, as well as the main house, because it was already a lifted building, otherwise they would\u2019ve knocked that down too. It&#8217;s not a happy place with beautiful gardens, it&#8217;s a sort of ghost town.<\/span><\/p>\n<p>&nbsp;<\/p>\n<p><b>Still, do you feel it would be important to have this documentary exhibited in Ericeira?<\/b><\/p>\n<p><span style=\"font-weight: 400;\">You gave away your cinema, which is so sad. Where would we show it? I think Ericeira\u2019s people would enjoy it, I would love to show it to them. But I still have friends and family in Ericeira and I&#8217;m not sure how they are into art. They know Paula Rego used to live there, but I don&#8217;t know if they&#8217;re used to follow her work.<\/span><\/p>\n<p><iframe loading=\"lazy\" src=\"https:\/\/player.vimeo.com\/video\/208172904\" width=\"640\" height=\"360\" frameborder=\"0\" title=\"Paula Rego, Hist&oacute;rias &amp; Segredos de Nick Willing trailer\" webkitallowfullscreen mozallowfullscreen allowfullscreen><\/iframe><\/p>\n<blockquote><p><em>Ericeira and the Quinta were the most important and magical place of our lives, and one of the reasons she finds it quite hard to go back to Portugal.<\/em><\/p><\/blockquote>\n<p><b>Dame Paula Rego has been living in London for four decades. The city isn\u2019t very close to the sea, however, the sea and ocean \u2013 presumably Ericeira\u2019s &#8211; is very present in her work. What\u2019s here relationship with the sea?<\/b><\/p>\n<p>She always said that the sea is the worst place to paint. What she&#8217;d say is if you paint by the sea, you spend your whole time staring at it. The sea is a hypnotic thing that draws you in. It&#8217;s not an inspiration, it&#8217;s something that grabs your attention and energy. It&#8217;s like painting near real fire, you spend the whole time staring at it.<\/p>\n<p><span style=\"font-weight: 400;\">My mother now paints in the daylight, but at that time she always liked painted under electric light. It made her feel safer, there were less monsters and creatures crawling out of the sea or the fire to get her.<\/span><\/p>\n<p>&nbsp;<\/p>\n<p><b>Even though she\u2019s not planning to visit Ericeira, do you believe she misses Portugal?<\/b><\/p>\n<p><span style=\"font-weight: 400;\">Oh yes, she does. She couldn&#8217;t make it to the premiere of the documentary in Portugal with Marcelo Rebelo Sousa and Jorge Sampaio, but appeared through Skype and said how she loves Portugal and all her friends living there. The problem is that she can&#8217;t go back and forth because she has a weak heart, so the doctor doesn&#8217;t let her. But she misses Portugal a lot.<\/span><\/p>\n<p>&nbsp;<\/p>\n<p><b>After such long chats with your mother while shooting the documentary, what reasons do you find for her to be so secretive when talking about her life, and yet so open about it on her paintings?<\/b><\/p>\n<p><span style=\"font-weight: 400;\">Secrets strengthen the works [of art]. If you tell the secrets, then they lose their power, hence she guarded her secrets very closely all her life. She was also embarrassed for the fact that she suffered from depression. Also because she had lovers, she didn&#8217;t want other people to know that, which is perfectly normal. <\/span><\/p>\n<p><span style=\"font-weight: 400;\">In the film, I only use the secrets that are relevant to understanding her pictures. One of the reasons there are so many books written about her work is because people have been trying to figure it out while she never gave them any help. But she finally told [them to] me because I charmed her to share the real stories behind the pictures.<\/span><\/p>\n<p>&nbsp;<\/p>\n<p><b>**<\/b><b><i>There are several theories about the meaning of Rosebud in Orson Wells 1941\u2019s film. But the director, in a press release sent to the media at the time, explains that \u201cin [the main character, Kane\u2019s] subconscious [Rosebud] represented the simplicity, the comfort, above all the lack of responsibility in his home, and also it stood for his mother\u2019s love which Kane never lost<\/i><\/b><b>.\u201d<\/b><\/p>\n<p><iframe loading=\"lazy\" width=\"690\" height=\"388\" src=\"https:\/\/www.youtube.com\/embed\/Q3hfQ2IOc8s?feature=oembed\" frameborder=\"0\" allowfullscreen><\/iframe><\/p>\n<!-- AddThis Advanced Settings generic via filter on the_content --><!-- AddThis Share Buttons generic via filter on the_content -->","protected":false},"excerpt":{"rendered":"<p>From her happy childhood to the dramatic sale of Quinta Figueiroa Rego: an AZUL\u2019s exclusive interview with the son of the great painter that let Ericeira inspire her.<!-- AddThis Advanced Settings generic via filter on get_the_excerpt --><!-- AddThis Share Buttons generic via filter on get_the_excerpt --><\/p>\n","protected":false},"author":14,"featured_media":25192,"comment_status":"closed","ping_status":"closed","sticky":false,"template":"","format":"standard","meta":{"_monsterinsights_skip_tracking":false,"_monsterinsights_sitenote_active":false,"_monsterinsights_sitenote_note":"","_monsterinsights_sitenote_category":0,"footnotes":""},"categories":[117],"tags":[],"class_list":["post-25842","post","type-post","status-publish","format-standard","has-post-thumbnail","hentry","category-dna"],"yoast_head":"<!-- This site is optimized with the Yoast SEO plugin v25.5 - https:\/\/yoast.com\/wordpress\/plugins\/seo\/ -->\n<title>Nick Willing: \u201cEriceira is Paula Rego\u2019s most powerful life memory\u201d - AZUL-ERICEIRA MAG | O melhor da Ericeira<\/title>\n<meta name=\"robots\" content=\"index, follow, max-snippet:-1, max-image-preview:large, max-video-preview:-1\" \/>\n<link rel=\"canonical\" href=\"https:\/\/www.ericeiramag.pt\/en\/nick-willing-ericeira-is-dame-paula-regos-most-powerful-life-memory\/\" \/>\n<meta property=\"og:locale\" content=\"en_US\" \/>\n<meta property=\"og:type\" content=\"article\" \/>\n<meta property=\"og:title\" content=\"Nick Willing: \u201cEriceira is Paula Rego\u2019s most powerful life memory\u201d - AZUL-ERICEIRA MAG | O melhor da Ericeira\" \/>\n<meta property=\"og:description\" content=\"From her happy childhood to the dramatic sale of Quinta Figueiroa Rego: an AZUL\u2019s exclusive interview with the son of the great painter that let Ericeira inspire her.\" \/>\n<meta property=\"og:url\" content=\"https:\/\/www.ericeiramag.pt\/en\/nick-willing-ericeira-is-dame-paula-regos-most-powerful-life-memory\/\" \/>\n<meta property=\"og:site_name\" content=\"AZUL-ERICEIRA MAG | O melhor da Ericeira\" \/>\n<meta property=\"article:publisher\" content=\"https:\/\/www.facebook.com\/AZULericeiramag\/\" \/>\n<meta property=\"article:published_time\" content=\"2017-05-23T06:00:52+00:00\" \/>\n<meta property=\"article:modified_time\" content=\"2017-05-23T08:47:57+00:00\" \/>\n<meta property=\"og:image\" content=\"https:\/\/www.ericeiramag.pt\/wp-content\/uploads\/2017\/04\/nick_willing_paula_rego.jpg\" \/>\n\t<meta property=\"og:image:width\" content=\"960\" \/>\n\t<meta property=\"og:image:height\" content=\"707\" \/>\n\t<meta property=\"og:image:type\" content=\"image\/jpeg\" \/>\n<meta name=\"author\" content=\"Rodrigo Williams\" \/>\n<meta name=\"twitter:label1\" content=\"Written by\" \/>\n\t<meta name=\"twitter:data1\" content=\"Rodrigo Williams\" \/>\n\t<meta name=\"twitter:label2\" content=\"Est. reading time\" \/>\n\t<meta name=\"twitter:data2\" content=\"18 minutes\" \/>\n<script type=\"application\/ld+json\" class=\"yoast-schema-graph\">{\"@context\":\"https:\/\/schema.org\",\"@graph\":[{\"@type\":\"Article\",\"@id\":\"https:\/\/www.ericeiramag.pt\/en\/nick-willing-ericeira-is-dame-paula-regos-most-powerful-life-memory\/#article\",\"isPartOf\":{\"@id\":\"https:\/\/www.ericeiramag.pt\/en\/nick-willing-ericeira-is-dame-paula-regos-most-powerful-life-memory\/\"},\"author\":{\"name\":\"Rodrigo Williams\",\"@id\":\"https:\/\/www.ericeiramag.pt\/#\/schema\/person\/772d0d7a332d2692f98da11f88677afd\"},\"headline\":\"Nick Willing: \u201cEriceira is Paula Rego\u2019s most powerful life memory\u201d\",\"datePublished\":\"2017-05-23T06:00:52+00:00\",\"dateModified\":\"2017-05-23T08:47:57+00:00\",\"mainEntityOfPage\":{\"@id\":\"https:\/\/www.ericeiramag.pt\/en\/nick-willing-ericeira-is-dame-paula-regos-most-powerful-life-memory\/\"},\"wordCount\":3620,\"publisher\":{\"@id\":\"https:\/\/www.ericeiramag.pt\/#organization\"},\"image\":{\"@id\":\"https:\/\/www.ericeiramag.pt\/en\/nick-willing-ericeira-is-dame-paula-regos-most-powerful-life-memory\/#primaryimage\"},\"thumbnailUrl\":\"https:\/\/www.ericeiramag.pt\/wp-content\/uploads\/2017\/04\/nick_willing_paula_rego.jpg\",\"articleSection\":[\"DNA\"],\"inLanguage\":\"en-US\"},{\"@type\":\"WebPage\",\"@id\":\"https:\/\/www.ericeiramag.pt\/en\/nick-willing-ericeira-is-dame-paula-regos-most-powerful-life-memory\/\",\"url\":\"https:\/\/www.ericeiramag.pt\/en\/nick-willing-ericeira-is-dame-paula-regos-most-powerful-life-memory\/\",\"name\":\"Nick Willing: \u201cEriceira is Paula Rego\u2019s most powerful life memory\u201d - AZUL-ERICEIRA MAG | O melhor da Ericeira\",\"isPartOf\":{\"@id\":\"https:\/\/www.ericeiramag.pt\/#website\"},\"primaryImageOfPage\":{\"@id\":\"https:\/\/www.ericeiramag.pt\/en\/nick-willing-ericeira-is-dame-paula-regos-most-powerful-life-memory\/#primaryimage\"},\"image\":{\"@id\":\"https:\/\/www.ericeiramag.pt\/en\/nick-willing-ericeira-is-dame-paula-regos-most-powerful-life-memory\/#primaryimage\"},\"thumbnailUrl\":\"https:\/\/www.ericeiramag.pt\/wp-content\/uploads\/2017\/04\/nick_willing_paula_rego.jpg\",\"datePublished\":\"2017-05-23T06:00:52+00:00\",\"dateModified\":\"2017-05-23T08:47:57+00:00\",\"inLanguage\":\"en-US\",\"potentialAction\":[{\"@type\":\"ReadAction\",\"target\":[\"https:\/\/www.ericeiramag.pt\/en\/nick-willing-ericeira-is-dame-paula-regos-most-powerful-life-memory\/\"]}]},{\"@type\":\"ImageObject\",\"inLanguage\":\"en-US\",\"@id\":\"https:\/\/www.ericeiramag.pt\/en\/nick-willing-ericeira-is-dame-paula-regos-most-powerful-life-memory\/#primaryimage\",\"url\":\"https:\/\/www.ericeiramag.pt\/wp-content\/uploads\/2017\/04\/nick_willing_paula_rego.jpg\",\"contentUrl\":\"https:\/\/www.ericeiramag.pt\/wp-content\/uploads\/2017\/04\/nick_willing_paula_rego.jpg\",\"width\":960,\"height\":707},{\"@type\":\"WebSite\",\"@id\":\"https:\/\/www.ericeiramag.pt\/#website\",\"url\":\"https:\/\/www.ericeiramag.pt\/\",\"name\":\"AZUL-ERICEIRA MAG | O melhor da Ericeira\",\"description\":\"\",\"publisher\":{\"@id\":\"https:\/\/www.ericeiramag.pt\/#organization\"},\"potentialAction\":[{\"@type\":\"SearchAction\",\"target\":{\"@type\":\"EntryPoint\",\"urlTemplate\":\"https:\/\/www.ericeiramag.pt\/?s={search_term_string}\"},\"query-input\":{\"@type\":\"PropertyValueSpecification\",\"valueRequired\":true,\"valueName\":\"search_term_string\"}}],\"inLanguage\":\"en-US\"},{\"@type\":\"Organization\",\"@id\":\"https:\/\/www.ericeiramag.pt\/#organization\",\"name\":\"AZUL-ERICEIRA MAG | O melhor da Ericeira\",\"url\":\"https:\/\/www.ericeiramag.pt\/\",\"logo\":{\"@type\":\"ImageObject\",\"inLanguage\":\"en-US\",\"@id\":\"https:\/\/www.ericeiramag.pt\/#\/schema\/logo\/image\/\",\"url\":\"https:\/\/www.ericeiramag.pt\/wp-content\/uploads\/2024\/03\/logo-branco.jpg\",\"contentUrl\":\"https:\/\/www.ericeiramag.pt\/wp-content\/uploads\/2024\/03\/logo-branco.jpg\",\"width\":425,\"height\":283,\"caption\":\"AZUL-ERICEIRA MAG | O melhor da Ericeira\"},\"image\":{\"@id\":\"https:\/\/www.ericeiramag.pt\/#\/schema\/logo\/image\/\"},\"sameAs\":[\"https:\/\/www.facebook.com\/AZULericeiramag\/\"]},{\"@type\":\"Person\",\"@id\":\"https:\/\/www.ericeiramag.pt\/#\/schema\/person\/772d0d7a332d2692f98da11f88677afd\",\"name\":\"Rodrigo Williams\",\"image\":{\"@type\":\"ImageObject\",\"inLanguage\":\"en-US\",\"@id\":\"https:\/\/www.ericeiramag.pt\/#\/schema\/person\/image\/\",\"url\":\"https:\/\/secure.gravatar.com\/avatar\/b16e30836a09217884aa48b130989330?s=96&d=mm&r=g\",\"contentUrl\":\"https:\/\/secure.gravatar.com\/avatar\/b16e30836a09217884aa48b130989330?s=96&d=mm&r=g\",\"caption\":\"Rodrigo Williams\"},\"url\":\"https:\/\/www.ericeiramag.pt\/en\"}]}<\/script>\n<!-- \/ Yoast SEO plugin. -->","yoast_head_json":{"title":"Nick Willing: \u201cEriceira is Paula Rego\u2019s most powerful life memory\u201d - AZUL-ERICEIRA MAG | O melhor da Ericeira","robots":{"index":"index","follow":"follow","max-snippet":"max-snippet:-1","max-image-preview":"max-image-preview:large","max-video-preview":"max-video-preview:-1"},"canonical":"https:\/\/www.ericeiramag.pt\/en\/nick-willing-ericeira-is-dame-paula-regos-most-powerful-life-memory\/","og_locale":"en_US","og_type":"article","og_title":"Nick Willing: \u201cEriceira is Paula Rego\u2019s most powerful life memory\u201d - AZUL-ERICEIRA MAG | O melhor da Ericeira","og_description":"From her happy childhood to the dramatic sale of Quinta Figueiroa Rego: an AZUL\u2019s exclusive interview with the son of the great painter that let Ericeira inspire her.","og_url":"https:\/\/www.ericeiramag.pt\/en\/nick-willing-ericeira-is-dame-paula-regos-most-powerful-life-memory\/","og_site_name":"AZUL-ERICEIRA MAG | O melhor da Ericeira","article_publisher":"https:\/\/www.facebook.com\/AZULericeiramag\/","article_published_time":"2017-05-23T06:00:52+00:00","article_modified_time":"2017-05-23T08:47:57+00:00","og_image":[{"width":960,"height":707,"url":"https:\/\/www.ericeiramag.pt\/wp-content\/uploads\/2017\/04\/nick_willing_paula_rego.jpg","type":"image\/jpeg"}],"author":"Rodrigo Williams","twitter_misc":{"Written by":"Rodrigo Williams","Est. reading time":"18 minutes"},"schema":{"@context":"https:\/\/schema.org","@graph":[{"@type":"Article","@id":"https:\/\/www.ericeiramag.pt\/en\/nick-willing-ericeira-is-dame-paula-regos-most-powerful-life-memory\/#article","isPartOf":{"@id":"https:\/\/www.ericeiramag.pt\/en\/nick-willing-ericeira-is-dame-paula-regos-most-powerful-life-memory\/"},"author":{"name":"Rodrigo Williams","@id":"https:\/\/www.ericeiramag.pt\/#\/schema\/person\/772d0d7a332d2692f98da11f88677afd"},"headline":"Nick Willing: \u201cEriceira is Paula Rego\u2019s most powerful life memory\u201d","datePublished":"2017-05-23T06:00:52+00:00","dateModified":"2017-05-23T08:47:57+00:00","mainEntityOfPage":{"@id":"https:\/\/www.ericeiramag.pt\/en\/nick-willing-ericeira-is-dame-paula-regos-most-powerful-life-memory\/"},"wordCount":3620,"publisher":{"@id":"https:\/\/www.ericeiramag.pt\/#organization"},"image":{"@id":"https:\/\/www.ericeiramag.pt\/en\/nick-willing-ericeira-is-dame-paula-regos-most-powerful-life-memory\/#primaryimage"},"thumbnailUrl":"https:\/\/www.ericeiramag.pt\/wp-content\/uploads\/2017\/04\/nick_willing_paula_rego.jpg","articleSection":["DNA"],"inLanguage":"en-US"},{"@type":"WebPage","@id":"https:\/\/www.ericeiramag.pt\/en\/nick-willing-ericeira-is-dame-paula-regos-most-powerful-life-memory\/","url":"https:\/\/www.ericeiramag.pt\/en\/nick-willing-ericeira-is-dame-paula-regos-most-powerful-life-memory\/","name":"Nick Willing: \u201cEriceira is Paula Rego\u2019s most powerful life memory\u201d - AZUL-ERICEIRA MAG | O melhor da Ericeira","isPartOf":{"@id":"https:\/\/www.ericeiramag.pt\/#website"},"primaryImageOfPage":{"@id":"https:\/\/www.ericeiramag.pt\/en\/nick-willing-ericeira-is-dame-paula-regos-most-powerful-life-memory\/#primaryimage"},"image":{"@id":"https:\/\/www.ericeiramag.pt\/en\/nick-willing-ericeira-is-dame-paula-regos-most-powerful-life-memory\/#primaryimage"},"thumbnailUrl":"https:\/\/www.ericeiramag.pt\/wp-content\/uploads\/2017\/04\/nick_willing_paula_rego.jpg","datePublished":"2017-05-23T06:00:52+00:00","dateModified":"2017-05-23T08:47:57+00:00","inLanguage":"en-US","potentialAction":[{"@type":"ReadAction","target":["https:\/\/www.ericeiramag.pt\/en\/nick-willing-ericeira-is-dame-paula-regos-most-powerful-life-memory\/"]}]},{"@type":"ImageObject","inLanguage":"en-US","@id":"https:\/\/www.ericeiramag.pt\/en\/nick-willing-ericeira-is-dame-paula-regos-most-powerful-life-memory\/#primaryimage","url":"https:\/\/www.ericeiramag.pt\/wp-content\/uploads\/2017\/04\/nick_willing_paula_rego.jpg","contentUrl":"https:\/\/www.ericeiramag.pt\/wp-content\/uploads\/2017\/04\/nick_willing_paula_rego.jpg","width":960,"height":707},{"@type":"WebSite","@id":"https:\/\/www.ericeiramag.pt\/#website","url":"https:\/\/www.ericeiramag.pt\/","name":"AZUL-ERICEIRA MAG | O melhor da Ericeira","description":"","publisher":{"@id":"https:\/\/www.ericeiramag.pt\/#organization"},"potentialAction":[{"@type":"SearchAction","target":{"@type":"EntryPoint","urlTemplate":"https:\/\/www.ericeiramag.pt\/?s={search_term_string}"},"query-input":{"@type":"PropertyValueSpecification","valueRequired":true,"valueName":"search_term_string"}}],"inLanguage":"en-US"},{"@type":"Organization","@id":"https:\/\/www.ericeiramag.pt\/#organization","name":"AZUL-ERICEIRA MAG | O melhor da Ericeira","url":"https:\/\/www.ericeiramag.pt\/","logo":{"@type":"ImageObject","inLanguage":"en-US","@id":"https:\/\/www.ericeiramag.pt\/#\/schema\/logo\/image\/","url":"https:\/\/www.ericeiramag.pt\/wp-content\/uploads\/2024\/03\/logo-branco.jpg","contentUrl":"https:\/\/www.ericeiramag.pt\/wp-content\/uploads\/2024\/03\/logo-branco.jpg","width":425,"height":283,"caption":"AZUL-ERICEIRA MAG | O melhor da Ericeira"},"image":{"@id":"https:\/\/www.ericeiramag.pt\/#\/schema\/logo\/image\/"},"sameAs":["https:\/\/www.facebook.com\/AZULericeiramag\/"]},{"@type":"Person","@id":"https:\/\/www.ericeiramag.pt\/#\/schema\/person\/772d0d7a332d2692f98da11f88677afd","name":"Rodrigo Williams","image":{"@type":"ImageObject","inLanguage":"en-US","@id":"https:\/\/www.ericeiramag.pt\/#\/schema\/person\/image\/","url":"https:\/\/secure.gravatar.com\/avatar\/b16e30836a09217884aa48b130989330?s=96&d=mm&r=g","contentUrl":"https:\/\/secure.gravatar.com\/avatar\/b16e30836a09217884aa48b130989330?s=96&d=mm&r=g","caption":"Rodrigo Williams"},"url":"https:\/\/www.ericeiramag.pt\/en"}]}},"_links":{"self":[{"href":"https:\/\/www.ericeiramag.pt\/en\/wp-json\/wp\/v2\/posts\/25842"}],"collection":[{"href":"https:\/\/www.ericeiramag.pt\/en\/wp-json\/wp\/v2\/posts"}],"about":[{"href":"https:\/\/www.ericeiramag.pt\/en\/wp-json\/wp\/v2\/types\/post"}],"author":[{"embeddable":true,"href":"https:\/\/www.ericeiramag.pt\/en\/wp-json\/wp\/v2\/users\/14"}],"replies":[{"embeddable":true,"href":"https:\/\/www.ericeiramag.pt\/en\/wp-json\/wp\/v2\/comments?post=25842"}],"version-history":[{"count":0,"href":"https:\/\/www.ericeiramag.pt\/en\/wp-json\/wp\/v2\/posts\/25842\/revisions"}],"wp:featuredmedia":[{"embeddable":true,"href":"https:\/\/www.ericeiramag.pt\/en\/wp-json\/wp\/v2\/media\/25192"}],"wp:attachment":[{"href":"https:\/\/www.ericeiramag.pt\/en\/wp-json\/wp\/v2\/media?parent=25842"}],"wp:term":[{"taxonomy":"category","embeddable":true,"href":"https:\/\/www.ericeiramag.pt\/en\/wp-json\/wp\/v2\/categories?post=25842"},{"taxonomy":"post_tag","embeddable":true,"href":"https:\/\/www.ericeiramag.pt\/en\/wp-json\/wp\/v2\/tags?post=25842"}],"curies":[{"name":"wp","href":"https:\/\/api.w.org\/{rel}","templated":true}]}}